{"id":82014,"date":"2026-07-13T14:32:08","date_gmt":"2026-07-13T12:32:08","guid":{"rendered":"https:\/\/euwps06.newsmemory.com\/ilmercoledi\/news\/2026\/07\/13\/moncalieri-contest-fotografico-per-commercianti\/"},"modified":"2026-07-13T14:32:11","modified_gmt":"2025-09-16T14:32:11","slug":"moncalieri-contest-fotografico-per-commercianti","status":"publish","type":"post","link":"https:\/\/www.ilmercoledi.news\/2026\/07\/13\/moncalieri-contest-fotografico-per-commercianti\/","title":{"rendered":"MONCALIERI &#8211; Contest fotografico per i commercianti"},"content":{"rendered":"<p>Il Distretto Urbano del Commercio di Moncalieri e il Comune di Moncalieri hanno avviato una campagna che mette al centro chi contribuisce ogni giorno a tenere viva la citt\u00e0: i suoi commercianti.<\/p>\n<p>L\u2019invito \u00e8 rivolto agli esercenti di Moncalieri del centro storico, di Corso Roma e di Via Sestriere che operano nel settore commercio e della somministrazione e consiste in una serie di scatti fotografici, che avranno, come protagonisti i medesimi operatori e \u00a0le loro \u00a0attivit\u00e0. La partecipazione \u00e8 gratuita e saranno selezionate fino a 40 attivit\u00e0. La scelta sar\u00e0 curata dalla Cabina di Regia del DUC con l\u2019obiettivo di rappresentare il pi\u00f9 possibile la variet\u00e0 del distretto.<\/p>\n","protected":false},"excerpt":{"rendered":"","protected":false},"author":11,"featured_media":3203,"comment_status":"open","ping_status":"closed","sticky":false,"template":"","format":"standard","meta":[],"categories":[34],"tags":[],"news-destination":[],"news-source":[],"is_homepage":[581],"ta_other":[],"_links":{"self":[{"href":"https:\/\/www.ilmercoledi.news\/ilmercoledi\/news\/wp-json\/wp\/v2\/posts\/82014"}],"collection":[{"href":"https:\/\/www.ilmercoledi.news\/ilmercoledi\/news\/wp-json\/wp\/v2\/posts"}],"about":[{"href":"https:\/\/www.ilmercoledi.news\/ilmercoledi\/news\/wp-json\/wp\/v2\/types\/post"}],"author":[{"embeddable":true,"href":"https:\/\/www.ilmercoledi.news\/ilmercoledi\/news\/wp-json\/wp\/v2\/users\/11"}],"replies":[{"embeddable":true,"href":"https:\/\/www.ilmercoledi.news\/ilmercoledi\/news\/wp-json\/wp\/v2\/comments?post=82014"}],"version-history":[{"count":0,"href":"https:\/\/www.ilmercoledi.news\/ilmercoledi\/news\/wp-json\/wp\/v2\/posts\/82014\/revisions"}],"wp:featuredmedia":[{"embeddable":true,"href":"https:\/\/www.ilmercoledi.news\/ilmercoledi\/news\/wp-json\/wp\/v2\/media\/3203"}],"wp:attachment":[{"href":"https:\/\/www.ilmercoledi.news\/ilmercoledi\/news\/wp-json\/wp\/v2\/media?parent=82014"}],"wp:term":[{"taxonomy":"category","embeddable":true,"href":"https:\/\/www.ilmercoledi.news\/ilmercoledi\/news\/wp-json\/wp\/v2\/categories?post=82014"},{"taxonomy":"post_tag","embeddable":true,"href":"https:\/\/www.ilmercoledi.news\/ilmercoledi\/news\/wp-json\/wp\/v2\/tags?post=82014"},{"taxonomy":"news-destination","embeddable":true,"href":"https:\/\/www.ilmercoledi.news\/ilmercoledi\/news\/wp-json\/wp\/v2\/news-destination?post=82014"},{"taxonomy":"news-source","embeddable":true,"href":"https:\/\/www.ilmercoledi.news\/ilmercoledi\/news\/wp-json\/wp\/v2\/news-source?post=82014"},{"taxonomy":"is_homepage","embeddable":true,"href":"https:\/\/www.ilmercoledi.news\/ilmercoledi\/news\/wp-json\/wp\/v2\/is_homepage?post=82014"},{"taxonomy":"ta_other","embeddable":true,"href":"https:\/\/www.ilmercoledi.news\/ilmercoledi\/news\/wp-json\/wp\/v2\/ta_other?post=82014"}],"curies":[{"name":"wp","href":"https:\/\/api.w.org\/{rel}","templated":true}]}}