{"id":82026,"date":"2026-07-16T06:06:27","date_gmt":"2026-07-16T04:06:27","guid":{"rendered":"https:\/\/euwps05.newsmemory.com\/ilmercoledi\/news\/2026\/07\/16\/nichelino-tenta-di-rubare-la-spesa-al-supermercato-arrestato\/"},"modified":"2026-07-16T21:13:51","modified_gmt":"2026-07-16T19:13:51","slug":"nichelino-tenta-di-rubare-la-spesa-al-supermercato-arrestato","status":"publish","type":"post","link":"https:\/\/www.ilmercoledi.news\/2026\/07\/16\/nichelino-tenta-di-rubare-la-spesa-al-supermercato-arrestato\/","title":{"rendered":"NICHELINO &#8211; Tenta di rubare la spesa al supermercato, arrestato"},"content":{"rendered":"<p>Ha cercato di lasciare un supermercato con un carrello pieno di generi alimentari senza passare regolarmente dalle casse. Quando \u00e8 stato fermato dal personale del punto vendita, ha reagito con violenza, minacciando il cassiere e aggredendo alcuni dipendenti nel tentativo di garantirsi la fuga. L&#8217;episodio si \u00e8 verificato nei giorni scorsi a Nichelino e si \u00e8 concluso con l&#8217;arresto di un uomo di 57 anni, gi\u00e0 noto alle forze dell&#8217;ordine per precedenti.<\/p>\n","protected":false},"excerpt":{"rendered":"","protected":false},"author":11,"featured_media":62142,"comment_status":"open","ping_status":"closed","sticky":false,"template":"","format":"standard","meta":[],"categories":[34],"tags":[],"news-destination":[],"news-source":[],"is_homepage":[581],"ta_other":[],"_links":{"self":[{"href":"https:\/\/www.ilmercoledi.news\/ilmercoledi\/news\/wp-json\/wp\/v2\/posts\/82026"}],"collection":[{"href":"https:\/\/www.ilmercoledi.news\/ilmercoledi\/news\/wp-json\/wp\/v2\/posts"}],"about":[{"href":"https:\/\/www.ilmercoledi.news\/ilmercoledi\/news\/wp-json\/wp\/v2\/types\/post"}],"author":[{"embeddable":true,"href":"https:\/\/www.ilmercoledi.news\/ilmercoledi\/news\/wp-json\/wp\/v2\/users\/11"}],"replies":[{"embeddable":true,"href":"https:\/\/www.ilmercoledi.news\/ilmercoledi\/news\/wp-json\/wp\/v2\/comments?post=82026"}],"version-history":[{"count":1,"href":"https:\/\/www.ilmercoledi.news\/ilmercoledi\/news\/wp-json\/wp\/v2\/posts\/82026\/revisions"}],"predecessor-version":[{"id":82047,"href":"https:\/\/www.ilmercoledi.news\/ilmercoledi\/news\/wp-json\/wp\/v2\/posts\/82026\/revisions\/82047"}],"wp:featuredmedia":[{"embeddable":true,"href":"https:\/\/www.ilmercoledi.news\/ilmercoledi\/news\/wp-json\/wp\/v2\/media\/62142"}],"wp:attachment":[{"href":"https:\/\/www.ilmercoledi.news\/ilmercoledi\/news\/wp-json\/wp\/v2\/media?parent=82026"}],"wp:term":[{"taxonomy":"category","embeddable":true,"href":"https:\/\/www.ilmercoledi.news\/ilmercoledi\/news\/wp-json\/wp\/v2\/categories?post=82026"},{"taxonomy":"post_tag","embeddable":true,"href":"https:\/\/www.ilmercoledi.news\/ilmercoledi\/news\/wp-json\/wp\/v2\/tags?post=82026"},{"taxonomy":"news-destination","embeddable":true,"href":"https:\/\/www.ilmercoledi.news\/ilmercoledi\/news\/wp-json\/wp\/v2\/news-destination?post=82026"},{"taxonomy":"news-source","embeddable":true,"href":"https:\/\/www.ilmercoledi.news\/ilmercoledi\/news\/wp-json\/wp\/v2\/news-source?post=82026"},{"taxonomy":"is_homepage","embeddable":true,"href":"https:\/\/www.ilmercoledi.news\/ilmercoledi\/news\/wp-json\/wp\/v2\/is_homepage?post=82026"},{"taxonomy":"ta_other","embeddable":true,"href":"https:\/\/www.ilmercoledi.news\/ilmercoledi\/news\/wp-json\/wp\/v2\/ta_other?post=82026"}],"curies":[{"name":"wp","href":"https:\/\/api.w.org\/{rel}","templated":true}]}}