{"id":822,"date":"2018-01-04T08:26:10","date_gmt":"2018-01-04T07:26:10","guid":{"rendered":"http:\/\/euwps02.tecnavia.com\/ilmercoledi\/news\/?p=822"},"modified":"2018-02-08T07:58:37","modified_gmt":"2018-02-08T06:58:37","slug":"petizione-la-paura-dellamianto-al-villaggio-ippico-vinovo","status":"publish","type":"post","link":"https:\/\/www.ilmercoledi.news\/2018\/01\/04\/petizione-la-paura-dellamianto-al-villaggio-ippico-vinovo\/","title":{"rendered":"Una petizione per la paura dell&#8217;amianto al villaggio ippico di Vinovo"},"content":{"rendered":"<p>C&#8217;\u00e8 preoccupazione tra i residenti del Villaggio Ippico di Vinovo per le condizioni di degrado di un cascinale abbandonato al confine con Nichelino, su via Debouch\u00e8. La struttura avrebbe delle porzioni costruite in amianto e il suo abbandono ha agitato i residenti vinovesi sul possibile problema di diffusione nell&#8221;aria delle particelle del materiale. E cos\u00ec hanno promosso giorni fa una raccolta firme per alzare l&#8217;attenzione sul problema.<\/p>\n<p>La questione \u00e8 arrivata fino in Comune: \u00abAbbiamo saputo della raccolta firme \u2013 spiega il sindaco, Gianfranco Guerrini -, si tratta di un ex maneggio che insiste sul territorio di Nichelino e su cui sono state avviate gi\u00e0 le comunicazioni del caso per capire se ci siano o meno dei rischi\u00bb. Giampietro Tolardo, primo cittadino nichelinese, conferma che il tema \u00e8 stato affrontato gi\u00e0 da tempo con la propriet\u00e0: \u00abL&#8217;edificio \u00e8 della Regione Piemonte e da tempo abbiamo interessato chi di dovere per chiedere lumi. Al momento non risulta ci siano delle problematiche di diffusione di amianto nell&#8217;aria, ma l&#8217;attenzione resta comunque alta\u00bb.<\/p>\n","protected":false},"excerpt":{"rendered":"","protected":false},"author":11,"featured_media":823,"comment_status":"open","ping_status":"closed","sticky":false,"template":"","format":"standard","meta":[],"categories":[34],"tags":[],"news-destination":[],"news-source":[],"is_homepage":[],"ta_other":[],"_links":{"self":[{"href":"https:\/\/www.ilmercoledi.news\/ilmercoledi\/news\/wp-json\/wp\/v2\/posts\/822"}],"collection":[{"href":"https:\/\/www.ilmercoledi.news\/ilmercoledi\/news\/wp-json\/wp\/v2\/posts"}],"about":[{"href":"https:\/\/www.ilmercoledi.news\/ilmercoledi\/news\/wp-json\/wp\/v2\/types\/post"}],"author":[{"embeddable":true,"href":"https:\/\/www.ilmercoledi.news\/ilmercoledi\/news\/wp-json\/wp\/v2\/users\/11"}],"replies":[{"embeddable":true,"href":"https:\/\/www.ilmercoledi.news\/ilmercoledi\/news\/wp-json\/wp\/v2\/comments?post=822"}],"version-history":[{"count":1,"href":"https:\/\/www.ilmercoledi.news\/ilmercoledi\/news\/wp-json\/wp\/v2\/posts\/822\/revisions"}],"predecessor-version":[{"id":824,"href":"https:\/\/www.ilmercoledi.news\/ilmercoledi\/news\/wp-json\/wp\/v2\/posts\/822\/revisions\/824"}],"wp:featuredmedia":[{"embeddable":true,"href":"https:\/\/www.ilmercoledi.news\/ilmercoledi\/news\/wp-json\/wp\/v2\/media\/823"}],"wp:attachment":[{"href":"https:\/\/www.ilmercoledi.news\/ilmercoledi\/news\/wp-json\/wp\/v2\/media?parent=822"}],"wp:term":[{"taxonomy":"category","embeddable":true,"href":"https:\/\/www.ilmercoledi.news\/ilmercoledi\/news\/wp-json\/wp\/v2\/categories?post=822"},{"taxonomy":"post_tag","embeddable":true,"href":"https:\/\/www.ilmercoledi.news\/ilmercoledi\/news\/wp-json\/wp\/v2\/tags?post=822"},{"taxonomy":"news-destination","embeddable":true,"href":"https:\/\/www.ilmercoledi.news\/ilmercoledi\/news\/wp-json\/wp\/v2\/news-destination?post=822"},{"taxonomy":"news-source","embeddable":true,"href":"https:\/\/www.ilmercoledi.news\/ilmercoledi\/news\/wp-json\/wp\/v2\/news-source?post=822"},{"taxonomy":"is_homepage","embeddable":true,"href":"https:\/\/www.ilmercoledi.news\/ilmercoledi\/news\/wp-json\/wp\/v2\/is_homepage?post=822"},{"taxonomy":"ta_other","embeddable":true,"href":"https:\/\/www.ilmercoledi.news\/ilmercoledi\/news\/wp-json\/wp\/v2\/ta_other?post=822"}],"curies":[{"name":"wp","href":"https:\/\/api.w.org\/{rel}","templated":true}]}}