{"id":82954,"date":"2026-08-31T08:30:01","date_gmt":"2026-08-31T06:30:01","guid":{"rendered":"https:\/\/euwps06.newsmemory.com\/ilmercoledi\/news\/2026\/08\/31\/vinovo-ha-preso-il-via-il-campus-della-protezione-civile\/"},"modified":"2026-08-31T08:30:16","modified_gmt":"2025-11-04T08:30:16","slug":"vinovo-ha-preso-il-via-il-campus-della-protezione-civile","status":"publish","type":"post","link":"https:\/\/www.ilmercoledi.news\/2026\/08\/31\/vinovo-ha-preso-il-via-il-campus-della-protezione-civile\/","title":{"rendered":"VINOVO &#8211; Ha preso il via il campus della Protezione civile"},"content":{"rendered":"<p>Ha preso ufficialmente il via il Campo Scuola della Protezione Civile dedicato ai ragazzi del territorio.<\/p>\n<p>L&#8217;iniziativa \u00e8 promossa dal Comune di Vinovo in stretta sinergia con l&#8217;Associazione Nazionale Alpini &#8211; Sezione di Torino (unit\u00e0 di Protezione Civile), insieme al fondamentale supporto del Gruppo Alpini di Vinovo e della Protezione civile di Vinovo.<\/p>\n<p>Durante la settimana, i partecipanti saranno coinvolti in attivit\u00e0 teoriche e pratiche: dalla prevenzione e gestione delle emergenze al primo soccorso, dalle attivit\u00e0 con le unit\u00e0 cinofile fino alla scoperta delle postazioni specialistiche d&#8217;avanguardia. Non mancheranno momenti dedicati al territorio, alla cultura, all\u2019inclusione e alla comunit\u00e0, con visite, incontri con le associazioni e la partecipazione alla Festa Patronale.<\/p>\n<p>Grande attenzione anche alla sostenibilit\u00e0: borracce riutilizzabili, boccioni per l\u2019acqua e raccolta differenziata per ridurre l\u2019uso della plastica e promuovere comportamenti responsabili.<\/p>\n<p>Il Campus si concluder\u00e0 il 3 settembre con il test finale, la presentazione delle attivit\u00e0 svolte e la consegna degli attestati.<\/p>\n<p>&nbsp;<\/p>\n<p>&nbsp;<\/p>\n<div id=\"mytexttospeechdiv\" style=\"background-color: #2196f3 !important;text-align: center !important;border: 1px solid #d3d3d3 !important;line-height: 30px !important;height: 30px !important;width: 30px !important;border-radius: 25% !important;cursor: default !important;padding: initial !important\">\n<div id=\"mytexttospeechdivinner\" style=\"width: 4px !important;height: 4px !important;border-radius: 50% !important;background-color: white !important\"><\/div>\n<\/div>\n","protected":false},"excerpt":{"rendered":"","protected":false},"author":11,"featured_media":82953,"comment_status":"open","ping_status":"closed","sticky":false,"template":"","format":"standard","meta":[],"categories":[34],"tags":[],"news-destination":[],"news-source":[],"is_homepage":[581],"ta_other":[],"_links":{"self":[{"href":"https:\/\/www.ilmercoledi.news\/ilmercoledi\/news\/wp-json\/wp\/v2\/posts\/82954"}],"collection":[{"href":"https:\/\/www.ilmercoledi.news\/ilmercoledi\/news\/wp-json\/wp\/v2\/posts"}],"about":[{"href":"https:\/\/www.ilmercoledi.news\/ilmercoledi\/news\/wp-json\/wp\/v2\/types\/post"}],"author":[{"embeddable":true,"href":"https:\/\/www.ilmercoledi.news\/ilmercoledi\/news\/wp-json\/wp\/v2\/users\/11"}],"replies":[{"embeddable":true,"href":"https:\/\/www.ilmercoledi.news\/ilmercoledi\/news\/wp-json\/wp\/v2\/comments?post=82954"}],"version-history":[{"count":1,"href":"https:\/\/www.ilmercoledi.news\/ilmercoledi\/news\/wp-json\/wp\/v2\/posts\/82954\/revisions"}],"predecessor-version":[{"id":82964,"href":"https:\/\/www.ilmercoledi.news\/ilmercoledi\/news\/wp-json\/wp\/v2\/posts\/82954\/revisions\/82964"}],"wp:featuredmedia":[{"embeddable":true,"href":"https:\/\/www.ilmercoledi.news\/ilmercoledi\/news\/wp-json\/wp\/v2\/media\/82953"}],"wp:attachment":[{"href":"https:\/\/www.ilmercoledi.news\/ilmercoledi\/news\/wp-json\/wp\/v2\/media?parent=82954"}],"wp:term":[{"taxonomy":"category","embeddable":true,"href":"https:\/\/www.ilmercoledi.news\/ilmercoledi\/news\/wp-json\/wp\/v2\/categories?post=82954"},{"taxonomy":"post_tag","embeddable":true,"href":"https:\/\/www.ilmercoledi.news\/ilmercoledi\/news\/wp-json\/wp\/v2\/tags?post=82954"},{"taxonomy":"news-destination","embeddable":true,"href":"https:\/\/www.ilmercoledi.news\/ilmercoledi\/news\/wp-json\/wp\/v2\/news-destination?post=82954"},{"taxonomy":"news-source","embeddable":true,"href":"https:\/\/www.ilmercoledi.news\/ilmercoledi\/news\/wp-json\/wp\/v2\/news-source?post=82954"},{"taxonomy":"is_homepage","embeddable":true,"href":"https:\/\/www.ilmercoledi.news\/ilmercoledi\/news\/wp-json\/wp\/v2\/is_homepage?post=82954"},{"taxonomy":"ta_other","embeddable":true,"href":"https:\/\/www.ilmercoledi.news\/ilmercoledi\/news\/wp-json\/wp\/v2\/ta_other?post=82954"}],"curies":[{"name":"wp","href":"https:\/\/api.w.org\/{rel}","templated":true}]}}