{"id":82964,"date":"2026-09-02T13:32:12","date_gmt":"2026-09-02T11:32:12","guid":{"rendered":"https:\/\/euwps05.newsmemory.com\/ilmercoledi\/news\/2026\/09\/02\/nichelino-riapre-la-biblioteca-comunale\/"},"modified":"2026-09-02T13:32:35","modified_gmt":"2026-09-02T11:32:35","slug":"nichelino-riapre-la-biblioteca-comunale","status":"publish","type":"post","link":"https:\/\/www.ilmercoledi.news\/2026\/09\/02\/nichelino-riapre-la-biblioteca-comunale\/","title":{"rendered":"NICHELINO &#8211; Riapre la biblioteca comunale"},"content":{"rendered":"<p>Luned\u00ec 7 settembre riapre la ludoteca La Bottega dei Sogni con il seguente orario: luned\u00ec 1518; marted\u00ec 9-12; mercoled\u00ec, gioved\u00ec e venerd\u00ec 9-12\/ 1518. Sempre dal 7 sar\u00e0 possibile iscriversi pr l\u2019anno scolastico 2026\/27. Il servizio \u00e8 rivolto ai bambini e alle bambine dai primi mesi di vita fino ai 10 anni. La domanda pu\u00f2 essere presentata unicamente attraverso la piattaforma online sul sito del Comune di Nichelino. Dal 1 ottobre l\u2019accesso alla ludoteca sar\u00e0 consentito solo a coloro che saranno in possesso della tessera azzurra per l\u2019anno 2026\/27.<\/p>\n","protected":false},"excerpt":{"rendered":"","protected":false},"author":11,"featured_media":2609,"comment_status":"open","ping_status":"closed","sticky":false,"template":"","format":"standard","meta":[],"categories":[34],"tags":[],"news-destination":[],"news-source":[],"is_homepage":[581],"ta_other":[],"_links":{"self":[{"href":"https:\/\/www.ilmercoledi.news\/ilmercoledi\/news\/wp-json\/wp\/v2\/posts\/82964"}],"collection":[{"href":"https:\/\/www.ilmercoledi.news\/ilmercoledi\/news\/wp-json\/wp\/v2\/posts"}],"about":[{"href":"https:\/\/www.ilmercoledi.news\/ilmercoledi\/news\/wp-json\/wp\/v2\/types\/post"}],"author":[{"embeddable":true,"href":"https:\/\/www.ilmercoledi.news\/ilmercoledi\/news\/wp-json\/wp\/v2\/users\/11"}],"replies":[{"embeddable":true,"href":"https:\/\/www.ilmercoledi.news\/ilmercoledi\/news\/wp-json\/wp\/v2\/comments?post=82964"}],"version-history":[{"count":0,"href":"https:\/\/www.ilmercoledi.news\/ilmercoledi\/news\/wp-json\/wp\/v2\/posts\/82964\/revisions"}],"wp:featuredmedia":[{"embeddable":true,"href":"https:\/\/www.ilmercoledi.news\/ilmercoledi\/news\/wp-json\/wp\/v2\/media\/2609"}],"wp:attachment":[{"href":"https:\/\/www.ilmercoledi.news\/ilmercoledi\/news\/wp-json\/wp\/v2\/media?parent=82964"}],"wp:term":[{"taxonomy":"category","embeddable":true,"href":"https:\/\/www.ilmercoledi.news\/ilmercoledi\/news\/wp-json\/wp\/v2\/categories?post=82964"},{"taxonomy":"post_tag","embeddable":true,"href":"https:\/\/www.ilmercoledi.news\/ilmercoledi\/news\/wp-json\/wp\/v2\/tags?post=82964"},{"taxonomy":"news-destination","embeddable":true,"href":"https:\/\/www.ilmercoledi.news\/ilmercoledi\/news\/wp-json\/wp\/v2\/news-destination?post=82964"},{"taxonomy":"news-source","embeddable":true,"href":"https:\/\/www.ilmercoledi.news\/ilmercoledi\/news\/wp-json\/wp\/v2\/news-source?post=82964"},{"taxonomy":"is_homepage","embeddable":true,"href":"https:\/\/www.ilmercoledi.news\/ilmercoledi\/news\/wp-json\/wp\/v2\/is_homepage?post=82964"},{"taxonomy":"ta_other","embeddable":true,"href":"https:\/\/www.ilmercoledi.news\/ilmercoledi\/news\/wp-json\/wp\/v2\/ta_other?post=82964"}],"curies":[{"name":"wp","href":"https:\/\/api.w.org\/{rel}","templated":true}]}}