{"id":82972,"date":"2026-09-03T05:47:55","date_gmt":"2026-09-03T03:47:55","guid":{"rendered":"https:\/\/euwps05.newsmemory.com\/ilmercoledi\/news\/2026\/09\/03\/cambiano-piazza-grosso-ci-sono-quattro-nuovi-posti-auto\/"},"modified":"2026-09-03T05:48:25","modified_gmt":"2026-09-03T03:48:25","slug":"cambiano-piazza-grosso-ci-sono-quattro-nuovi-posti-auto","status":"publish","type":"post","link":"https:\/\/www.ilmercoledi.news\/2026\/09\/03\/cambiano-piazza-grosso-ci-sono-quattro-nuovi-posti-auto\/","title":{"rendered":"CAMBIANO &#8211; In piazza Grosso ci sono quattro nuovi posti auto"},"content":{"rendered":"<p>Con grande gioia dell\u2019opposizione consigliare del gruppo Il Centro per Cambiano nell\u2019estate \u00e8 stato approvato il progetto esecutivo relativo alla riqualificazione della centralissima piazza Giacomo Grosso. Tra le modifiche previste c\u2019\u00e8 anche quella relativa alla viabilit\u00e0: via Ferrero, che collega la piazza a via Borgarelli, diventer\u00e0 a senso unico consentendo cos\u00ec di recuperare quattro posti auto. Ed \u00e8 proprio quella dei parcheggi la novit\u00e0 che i consiglieri guidati da Alberto Benna ci tengono a sottolineare. \u201cLa nostra richiesta portata in consiglio comunale, tutta incentrata sul ripristino dei parcheggi eliminati nella zona di via Cavour, \u00e8 stata accolta. I quattro posti auto sono infatti stati inseriti nel progetto, mentre non erano presenti nel progetto iniziale. Un risultato concreto di una richiesta che avevamo avanzato per cercare di compensare i parcheggi venuti meno con gli interventi in piazzetta Cavour. E per quanto riguarda i costi, il quadro economico dell\u2019intervento \u00e8 aumentato di circa 78.000 euro, arrivando complessivamente a 678.000 euro\u201d.<\/p>\n","protected":false},"excerpt":{"rendered":"","protected":false},"author":11,"featured_media":39647,"comment_status":"open","ping_status":"closed","sticky":false,"template":"","format":"standard","meta":[],"categories":[34],"tags":[],"news-destination":[],"news-source":[],"is_homepage":[581],"ta_other":[],"_links":{"self":[{"href":"https:\/\/www.ilmercoledi.news\/ilmercoledi\/news\/wp-json\/wp\/v2\/posts\/82972"}],"collection":[{"href":"https:\/\/www.ilmercoledi.news\/ilmercoledi\/news\/wp-json\/wp\/v2\/posts"}],"about":[{"href":"https:\/\/www.ilmercoledi.news\/ilmercoledi\/news\/wp-json\/wp\/v2\/types\/post"}],"author":[{"embeddable":true,"href":"https:\/\/www.ilmercoledi.news\/ilmercoledi\/news\/wp-json\/wp\/v2\/users\/11"}],"replies":[{"embeddable":true,"href":"https:\/\/www.ilmercoledi.news\/ilmercoledi\/news\/wp-json\/wp\/v2\/comments?post=82972"}],"version-history":[{"count":0,"href":"https:\/\/www.ilmercoledi.news\/ilmercoledi\/news\/wp-json\/wp\/v2\/posts\/82972\/revisions"}],"wp:featuredmedia":[{"embeddable":true,"href":"https:\/\/www.ilmercoledi.news\/ilmercoledi\/news\/wp-json\/wp\/v2\/media\/39647"}],"wp:attachment":[{"href":"https:\/\/www.ilmercoledi.news\/ilmercoledi\/news\/wp-json\/wp\/v2\/media?parent=82972"}],"wp:term":[{"taxonomy":"category","embeddable":true,"href":"https:\/\/www.ilmercoledi.news\/ilmercoledi\/news\/wp-json\/wp\/v2\/categories?post=82972"},{"taxonomy":"post_tag","embeddable":true,"href":"https:\/\/www.ilmercoledi.news\/ilmercoledi\/news\/wp-json\/wp\/v2\/tags?post=82972"},{"taxonomy":"news-destination","embeddable":true,"href":"https:\/\/www.ilmercoledi.news\/ilmercoledi\/news\/wp-json\/wp\/v2\/news-destination?post=82972"},{"taxonomy":"news-source","embeddable":true,"href":"https:\/\/www.ilmercoledi.news\/ilmercoledi\/news\/wp-json\/wp\/v2\/news-source?post=82972"},{"taxonomy":"is_homepage","embeddable":true,"href":"https:\/\/www.ilmercoledi.news\/ilmercoledi\/news\/wp-json\/wp\/v2\/is_homepage?post=82972"},{"taxonomy":"ta_other","embeddable":true,"href":"https:\/\/www.ilmercoledi.news\/ilmercoledi\/news\/wp-json\/wp\/v2\/ta_other?post=82972"}],"curies":[{"name":"wp","href":"https:\/\/api.w.org\/{rel}","templated":true}]}}