{"id":83008,"date":"2026-09-01T14:18:37","date_gmt":"2026-09-01T12:18:37","guid":{"rendered":"https:\/\/euwps06.newsmemory.com\/ilmercoledi\/news\/2026\/09\/01\/cultura-mostra-superga-donne-e-motori-gioie-e-basta\/"},"modified":"2026-09-01T14:18:41","modified_gmt":"2025-11-05T14:18:41","slug":"cultura-mostra-superga-donne-e-motori-gioie-e-basta","status":"publish","type":"post","link":"https:\/\/www.ilmercoledi.news\/2026\/09\/01\/cultura-mostra-superga-donne-e-motori-gioie-e-basta\/","title":{"rendered":"CULTURA &#8211; Mostra a Superga &#8216;Donne e Motori? Gioie e Basta&#8217;"},"content":{"rendered":"<p>Prosegue e si rafforza la collaborazione tra il Gruppo Torinese Trasporti e il Museo Fratelli Cozzi nel segno dell&#8217;inclusione, della cultura d&#8217;impresa e del superamento degli stereotipi di genere. Dall\u20191 al 9 settembre, la Stazione di Superga della storica Tranvia a Dentiera ospiter\u00e0 una delle tappe del tour della mostra fotografica itinerante \u201cDonne e Motori? Gioie e Basta\u201d, giunta alla sua IV edizione, realizzata dal Museo Fratelli Cozzi con il supporto e il sostegno di AIDA \u2013 Associazione Italiana Donne Automotive, realt\u00e0 impegnata nella valorizzazione delle professionalit\u00e0 femminili lungo tutta la filiera automobilistica e della mobilit\u00e0. Nato da un&#8217;idea di Elisabetta Cozzi (Presidente del Museo Fratelli Cozzi e dell\u2019Associazione Friends of Museo Fratelli Cozzi), il progetto declina il famoso detto popolare per ribaltare l&#8217;oggettivazione femminile nel mondo dei motori. Se nelle edizioni precedenti l&#8217;obiettivo della fotografa Camilla Albertini si era concentrato su ritratti di sole professioniste, la IV edizione introduce una novit\u00e0 centrale: la presenza di figure maschili al fianco delle donne, raccontando alleanze professionali e personali, colleghi e mentori che sostengono l&#8217;empowerment femminile e combattono attivamente il divario di genere nel lavoro e nella leadership. A sottolineare l\u2019importanza dell\u2019iniziativa \u00e8 Elisabetta Cozzi, Presidente del Museo Fratelli Cozzi, che dichiara: \u201cSono molto felice di rinnovare, anche per questa IV edizione della mostra fotografica Donne e Motori? Gioie e basta, la partnership con GTT. Collaborazioni come questa sono fondamentali per amplificare il valore sociale e culturale dei nostri progetti e contribuire alla diffusione di una cultura fondata sul rispetto, sull\u2019uguaglianza, sulla parit\u00e0 di genere e sull\u2019alleanza tra uomini e donne.<\/p>\n","protected":false},"excerpt":{"rendered":"","protected":false},"author":11,"featured_media":52262,"comment_status":"open","ping_status":"closed","sticky":false,"template":"","format":"standard","meta":[],"categories":[34],"tags":[],"news-destination":[],"news-source":[],"is_homepage":[581],"ta_other":[],"_links":{"self":[{"href":"https:\/\/www.ilmercoledi.news\/ilmercoledi\/news\/wp-json\/wp\/v2\/posts\/83008"}],"collection":[{"href":"https:\/\/www.ilmercoledi.news\/ilmercoledi\/news\/wp-json\/wp\/v2\/posts"}],"about":[{"href":"https:\/\/www.ilmercoledi.news\/ilmercoledi\/news\/wp-json\/wp\/v2\/types\/post"}],"author":[{"embeddable":true,"href":"https:\/\/www.ilmercoledi.news\/ilmercoledi\/news\/wp-json\/wp\/v2\/users\/11"}],"replies":[{"embeddable":true,"href":"https:\/\/www.ilmercoledi.news\/ilmercoledi\/news\/wp-json\/wp\/v2\/comments?post=83008"}],"version-history":[{"count":0,"href":"https:\/\/www.ilmercoledi.news\/ilmercoledi\/news\/wp-json\/wp\/v2\/posts\/83008\/revisions"}],"wp:featuredmedia":[{"embeddable":true,"href":"https:\/\/www.ilmercoledi.news\/ilmercoledi\/news\/wp-json\/wp\/v2\/media\/52262"}],"wp:attachment":[{"href":"https:\/\/www.ilmercoledi.news\/ilmercoledi\/news\/wp-json\/wp\/v2\/media?parent=83008"}],"wp:term":[{"taxonomy":"category","embeddable":true,"href":"https:\/\/www.ilmercoledi.news\/ilmercoledi\/news\/wp-json\/wp\/v2\/categories?post=83008"},{"taxonomy":"post_tag","embeddable":true,"href":"https:\/\/www.ilmercoledi.news\/ilmercoledi\/news\/wp-json\/wp\/v2\/tags?post=83008"},{"taxonomy":"news-destination","embeddable":true,"href":"https:\/\/www.ilmercoledi.news\/ilmercoledi\/news\/wp-json\/wp\/v2\/news-destination?post=83008"},{"taxonomy":"news-source","embeddable":true,"href":"https:\/\/www.ilmercoledi.news\/ilmercoledi\/news\/wp-json\/wp\/v2\/news-source?post=83008"},{"taxonomy":"is_homepage","embeddable":true,"href":"https:\/\/www.ilmercoledi.news\/ilmercoledi\/news\/wp-json\/wp\/v2\/is_homepage?post=83008"},{"taxonomy":"ta_other","embeddable":true,"href":"https:\/\/www.ilmercoledi.news\/ilmercoledi\/news\/wp-json\/wp\/v2\/ta_other?post=83008"}],"curies":[{"name":"wp","href":"https:\/\/api.w.org\/{rel}","templated":true}]}}