{"id":83009,"date":"2026-09-01T14:20:59","date_gmt":"2026-09-01T12:20:59","guid":{"rendered":"https:\/\/euwps06.newsmemory.com\/ilmercoledi\/news\/2026\/09\/01\/nichelino-dimissioni-del-medico-saverio-pagliari\/"},"modified":"2026-09-01T14:21:06","modified_gmt":"2025-11-05T14:21:06","slug":"nichelino-dimissioni-del-medico-saverio-pagliari","status":"publish","type":"post","link":"https:\/\/www.ilmercoledi.news\/2026\/09\/01\/nichelino-dimissioni-del-medico-saverio-pagliari\/","title":{"rendered":"NICHELINO &#8211; Dimissioni del medico Saverio Pagliari"},"content":{"rendered":"<p>Si avvisano gli assistiti del\u00a0<strong>dott. Saverio Pagliari<\/strong>\u00a0che, a seguito delle sue dimissioni dall&#8217;incarico di medico di medicina generale presso il\u00a0<strong>Comune di Nichelino\u00a0<\/strong>con decorrenza\u00a0<strong>01\/09\/2026<\/strong>, l&#8217;ASL provveder\u00e0 al trasferimento in automatico dei pazienti al nuovo medico con incarico provvisorio dal 01\/09\/2026<strong>,\u00a0<\/strong>il dott. Khanna Gunav, con sede dello studio in via\u00a0<strong>Carducci, 3.<\/strong><\/p>\n<p>Di seguito l&#8217;orario dello studio: luned\u00ec,marted\u00ec e gioved\u00ec dalle 17.00 alle 19.00 &#8211; mercoled\u00ec dalle 09.00 alle 11.00 &#8211; venerd\u00ec dalle 16.30 alle 19.00, su appuntamento.<\/p>\n<div id=\"mytexttospeechdiv\" style=\"background-color: #1b49e4;text-align: center !important;border: 1px solid #d3d3d3 !important;line-height: 30px !important;height: 30px !important;width: 30px !important;border-radius: 25% !important;cursor: default !important;padding: initial !important\">\n<div id=\"mytexttospeechdivinner\" style=\"width: 4px !important;height: 4px !important;border-radius: 50% !important;background-color: white !important\"><\/div>\n<\/div>\n","protected":false},"excerpt":{"rendered":"","protected":false},"author":11,"featured_media":28610,"comment_status":"open","ping_status":"closed","sticky":false,"template":"","format":"standard","meta":[],"categories":[34],"tags":[],"news-destination":[],"news-source":[],"is_homepage":[581],"ta_other":[],"_links":{"self":[{"href":"https:\/\/www.ilmercoledi.news\/ilmercoledi\/news\/wp-json\/wp\/v2\/posts\/83009"}],"collection":[{"href":"https:\/\/www.ilmercoledi.news\/ilmercoledi\/news\/wp-json\/wp\/v2\/posts"}],"about":[{"href":"https:\/\/www.ilmercoledi.news\/ilmercoledi\/news\/wp-json\/wp\/v2\/types\/post"}],"author":[{"embeddable":true,"href":"https:\/\/www.ilmercoledi.news\/ilmercoledi\/news\/wp-json\/wp\/v2\/users\/11"}],"replies":[{"embeddable":true,"href":"https:\/\/www.ilmercoledi.news\/ilmercoledi\/news\/wp-json\/wp\/v2\/comments?post=83009"}],"version-history":[{"count":0,"href":"https:\/\/www.ilmercoledi.news\/ilmercoledi\/news\/wp-json\/wp\/v2\/posts\/83009\/revisions"}],"wp:featuredmedia":[{"embeddable":true,"href":"https:\/\/www.ilmercoledi.news\/ilmercoledi\/news\/wp-json\/wp\/v2\/media\/28610"}],"wp:attachment":[{"href":"https:\/\/www.ilmercoledi.news\/ilmercoledi\/news\/wp-json\/wp\/v2\/media?parent=83009"}],"wp:term":[{"taxonomy":"category","embeddable":true,"href":"https:\/\/www.ilmercoledi.news\/ilmercoledi\/news\/wp-json\/wp\/v2\/categories?post=83009"},{"taxonomy":"post_tag","embeddable":true,"href":"https:\/\/www.ilmercoledi.news\/ilmercoledi\/news\/wp-json\/wp\/v2\/tags?post=83009"},{"taxonomy":"news-destination","embeddable":true,"href":"https:\/\/www.ilmercoledi.news\/ilmercoledi\/news\/wp-json\/wp\/v2\/news-destination?post=83009"},{"taxonomy":"news-source","embeddable":true,"href":"https:\/\/www.ilmercoledi.news\/ilmercoledi\/news\/wp-json\/wp\/v2\/news-source?post=83009"},{"taxonomy":"is_homepage","embeddable":true,"href":"https:\/\/www.ilmercoledi.news\/ilmercoledi\/news\/wp-json\/wp\/v2\/is_homepage?post=83009"},{"taxonomy":"ta_other","embeddable":true,"href":"https:\/\/www.ilmercoledi.news\/ilmercoledi\/news\/wp-json\/wp\/v2\/ta_other?post=83009"}],"curies":[{"name":"wp","href":"https:\/\/api.w.org\/{rel}","templated":true}]}}