{"id":83013,"date":"2026-09-01T20:40:57","date_gmt":"2026-09-01T18:40:57","guid":{"rendered":"https:\/\/euwps06.newsmemory.com\/ilmercoledi\/news\/2026\/09\/01\/carmagnola-al-palapeperone-un-incontro-dedicato-al-territorio\/"},"modified":"2026-09-01T20:41:02","modified_gmt":"2025-11-05T20:41:02","slug":"carmagnola-al-palapeperone-un-incontro-dedicato-al-territorio","status":"publish","type":"post","link":"https:\/\/www.ilmercoledi.news\/2026\/09\/01\/carmagnola-al-palapeperone-un-incontro-dedicato-al-territorio\/","title":{"rendered":"CARMAGNOLA &#8211; Al PalaPeperone un incontro dedicato al territorio"},"content":{"rendered":"<p>Alla 77\u00aa Fiera Nazionale del Peperone di Carmagnola, il BTM PalaPeperone ha ospitato questo pomeriggio un incontro dedicato alle potenzialit\u00e0 turistiche di un territorio ricco di identit\u00e0, eccellenze e opportunit\u00e0.<\/p>\n<p>&nbsp;<\/p>\n<p>&nbsp;<\/p>\n<p>Un confronto nato dalla volont\u00e0 di guardare oltre i confini dei singoli Comuni e costruire insieme una proposta capace di mettere in rete cultura, paesaggio, sport, enogastronomia e accoglienza, valorizzando luoghi ed esperienze ancora tutti da scoprire.<\/p>\n<p>&nbsp;<\/p>\n<p>&nbsp;<\/p>\n<p>All&#8217;incontro hanno partecipato Ivana Gaveglio, Sindaco di Carmagnola; Emma Burzio, Sindaca di Pralormo; Nicholas Padalino, Sindaco del Comune di Poirino , Leonardo D&#8217;Urso, Presidente del Golf Club La Margherita; Daniele Eusebio, chef del Ristorante Golf Club La Margherita; Luca Bondi, proprietario del Circolo Il Poggio Agrisport; e Luca Gioda, chef della Locanda del Borgo di Ternavasso.<\/p>\n<p>&nbsp;<\/p>\n<p>&nbsp;<\/p>\n<p>A moderare il dialogo Simona Riccio, Founder di Parla Con Me\u00ae, Agrifood Communication Strategist e LinkedIn Top Voice Italy, accompagnando istituzioni e operatori in una riflessione sulle opportunit\u00e0 di creare nuovi itinerari ed esperienze condivise e di trasformare le tante risorse locali in un&#8217;offerta turistica sempre pi\u00f9 integrata, riconoscibile e attrattiva.<\/p>\n<p>&nbsp;<\/p>\n<p>&nbsp;<\/p>\n<p>Un incontro che ha ribadito quanto collaborazione e capacit\u00e0 di fare rete possano diventare strumenti concreti di promozione e crescita per tutto il territorio.<\/p>\n<p>&nbsp;<\/p>\n<p>&nbsp;<\/p>\n","protected":false},"excerpt":{"rendered":"","protected":false},"author":11,"featured_media":83012,"comment_status":"open","ping_status":"closed","sticky":false,"template":"","format":"standard","meta":[],"categories":[34],"tags":[],"news-destination":[],"news-source":[],"is_homepage":[581],"ta_other":[],"_links":{"self":[{"href":"https:\/\/www.ilmercoledi.news\/ilmercoledi\/news\/wp-json\/wp\/v2\/posts\/83013"}],"collection":[{"href":"https:\/\/www.ilmercoledi.news\/ilmercoledi\/news\/wp-json\/wp\/v2\/posts"}],"about":[{"href":"https:\/\/www.ilmercoledi.news\/ilmercoledi\/news\/wp-json\/wp\/v2\/types\/post"}],"author":[{"embeddable":true,"href":"https:\/\/www.ilmercoledi.news\/ilmercoledi\/news\/wp-json\/wp\/v2\/users\/11"}],"replies":[{"embeddable":true,"href":"https:\/\/www.ilmercoledi.news\/ilmercoledi\/news\/wp-json\/wp\/v2\/comments?post=83013"}],"version-history":[{"count":0,"href":"https:\/\/www.ilmercoledi.news\/ilmercoledi\/news\/wp-json\/wp\/v2\/posts\/83013\/revisions"}],"wp:featuredmedia":[{"embeddable":true,"href":"https:\/\/www.ilmercoledi.news\/ilmercoledi\/news\/wp-json\/wp\/v2\/media\/83012"}],"wp:attachment":[{"href":"https:\/\/www.ilmercoledi.news\/ilmercoledi\/news\/wp-json\/wp\/v2\/media?parent=83013"}],"wp:term":[{"taxonomy":"category","embeddable":true,"href":"https:\/\/www.ilmercoledi.news\/ilmercoledi\/news\/wp-json\/wp\/v2\/categories?post=83013"},{"taxonomy":"post_tag","embeddable":true,"href":"https:\/\/www.ilmercoledi.news\/ilmercoledi\/news\/wp-json\/wp\/v2\/tags?post=83013"},{"taxonomy":"news-destination","embeddable":true,"href":"https:\/\/www.ilmercoledi.news\/ilmercoledi\/news\/wp-json\/wp\/v2\/news-destination?post=83013"},{"taxonomy":"news-source","embeddable":true,"href":"https:\/\/www.ilmercoledi.news\/ilmercoledi\/news\/wp-json\/wp\/v2\/news-source?post=83013"},{"taxonomy":"is_homepage","embeddable":true,"href":"https:\/\/www.ilmercoledi.news\/ilmercoledi\/news\/wp-json\/wp\/v2\/is_homepage?post=83013"},{"taxonomy":"ta_other","embeddable":true,"href":"https:\/\/www.ilmercoledi.news\/ilmercoledi\/news\/wp-json\/wp\/v2\/ta_other?post=83013"}],"curies":[{"name":"wp","href":"https:\/\/api.w.org\/{rel}","templated":true}]}}