{"id":83037,"date":"2026-09-02T13:33:25","date_gmt":"2026-09-02T11:33:25","guid":{"rendered":"https:\/\/euwps06.newsmemory.com\/ilmercoledi\/news\/2026\/09\/02\/vinovo-alla-soms-partono-corsi-sul-benessere\/"},"modified":"2026-09-02T13:33:29","modified_gmt":"2025-11-06T13:33:29","slug":"vinovo-alla-soms-partono-corsi-sul-benessere","status":"publish","type":"post","link":"https:\/\/www.ilmercoledi.news\/2026\/09\/02\/vinovo-alla-soms-partono-corsi-sul-benessere\/","title":{"rendered":"VINOVO &#8211; Alla Soms partono corsi sul benessere"},"content":{"rendered":"<p>Con l\u2019arrivo di settembre la Soms di Vinovo riprende le attivit\u00e0 dedicate al benessere, alla socialit\u00e0 e all\u2019invecchiamento attivo.<\/p>\n<p>&nbsp;<\/p>\n<p>Tra le proposte della nuova stagione ci saranno Ginnastica dolce, Yoga della risata e Palestra cognitiva, alle quali si aggiunge la novit\u00e0 del corso di Ginnastica Over 50.<\/p>\n<p>&nbsp;<\/p>\n<p>Un programma pensato per offrire occasioni concrete per mantenersi attivi, allenare corpo e mente e, soprattutto, stare insieme.<\/p>\n<p>&nbsp;<\/p>\n<p>Un primo appuntamento sar\u00e0 venerd\u00ec 11 settembre, alle ore 18, presso la sede Soms di via Marconi 8, con la dottoressa Gandolfo, che presenter\u00e0 la Palestra cognitiva e i benefici delle attivit\u00e0 di stimolazione di memoria, attenzione, linguaggio e socialit\u00e0.<\/p>\n<p>&nbsp;<\/p>\n<p>Il corso vero e proprio inizier\u00e0 nel mese di ottobre.<\/p>\n<p>&nbsp;<\/p>\n<p>Il 28 settembre, invece, riprenderanno le lezioni del corso di Yoga della risata: 10 appuntamento tutti i luned\u00ec mattina, dalle 9 alle 11. Sempre tra fine settembre ed inizio ottobre al via il corso di Ginnastica Dolce con possibilit\u00e0 di scegliere di frequentare le lezioni al marted\u00ec o al gioved\u00ec. La novit\u00e0 \u00e8 il cordo di Ginnastica Over 50: dall\u20198 ottobre tutti i gioved\u00ec dalle ore 20.30.<\/p>\n<p>&nbsp;<\/p>\n<p>Le attivit\u00e0 sono realizzate anche grazie al contributo della Regione Piemonte.<\/p>\n","protected":false},"excerpt":{"rendered":"","protected":false},"author":11,"featured_media":57011,"comment_status":"open","ping_status":"closed","sticky":false,"template":"","format":"standard","meta":[],"categories":[34],"tags":[],"news-destination":[],"news-source":[],"is_homepage":[581],"ta_other":[],"_links":{"self":[{"href":"https:\/\/www.ilmercoledi.news\/ilmercoledi\/news\/wp-json\/wp\/v2\/posts\/83037"}],"collection":[{"href":"https:\/\/www.ilmercoledi.news\/ilmercoledi\/news\/wp-json\/wp\/v2\/posts"}],"about":[{"href":"https:\/\/www.ilmercoledi.news\/ilmercoledi\/news\/wp-json\/wp\/v2\/types\/post"}],"author":[{"embeddable":true,"href":"https:\/\/www.ilmercoledi.news\/ilmercoledi\/news\/wp-json\/wp\/v2\/users\/11"}],"replies":[{"embeddable":true,"href":"https:\/\/www.ilmercoledi.news\/ilmercoledi\/news\/wp-json\/wp\/v2\/comments?post=83037"}],"version-history":[{"count":0,"href":"https:\/\/www.ilmercoledi.news\/ilmercoledi\/news\/wp-json\/wp\/v2\/posts\/83037\/revisions"}],"wp:featuredmedia":[{"embeddable":true,"href":"https:\/\/www.ilmercoledi.news\/ilmercoledi\/news\/wp-json\/wp\/v2\/media\/57011"}],"wp:attachment":[{"href":"https:\/\/www.ilmercoledi.news\/ilmercoledi\/news\/wp-json\/wp\/v2\/media?parent=83037"}],"wp:term":[{"taxonomy":"category","embeddable":true,"href":"https:\/\/www.ilmercoledi.news\/ilmercoledi\/news\/wp-json\/wp\/v2\/categories?post=83037"},{"taxonomy":"post_tag","embeddable":true,"href":"https:\/\/www.ilmercoledi.news\/ilmercoledi\/news\/wp-json\/wp\/v2\/tags?post=83037"},{"taxonomy":"news-destination","embeddable":true,"href":"https:\/\/www.ilmercoledi.news\/ilmercoledi\/news\/wp-json\/wp\/v2\/news-destination?post=83037"},{"taxonomy":"news-source","embeddable":true,"href":"https:\/\/www.ilmercoledi.news\/ilmercoledi\/news\/wp-json\/wp\/v2\/news-source?post=83037"},{"taxonomy":"is_homepage","embeddable":true,"href":"https:\/\/www.ilmercoledi.news\/ilmercoledi\/news\/wp-json\/wp\/v2\/is_homepage?post=83037"},{"taxonomy":"ta_other","embeddable":true,"href":"https:\/\/www.ilmercoledi.news\/ilmercoledi\/news\/wp-json\/wp\/v2\/ta_other?post=83037"}],"curies":[{"name":"wp","href":"https:\/\/api.w.org\/{rel}","templated":true}]}}