{"id":8319,"date":"2018-07-19T16:45:26","date_gmt":"2018-07-19T14:45:26","guid":{"rendered":"http:\/\/euwps02.tecnavia.com\/ilmercoledi\/news\/?p=8319"},"modified":"2018-07-19T16:45:28","modified_gmt":"2018-07-19T14:45:28","slug":"conciliaweb-la-conciliazione-gestore-telefonico-diventa-telematica","status":"publish","type":"post","link":"https:\/\/www.ilmercoledi.news\/2018\/07\/19\/conciliaweb-la-conciliazione-gestore-telefonico-diventa-telematica\/","title":{"rendered":"ConciliaWeb, la conciliazione con il gestore telefonico diventa telematica"},"content":{"rendered":"<p>Problemi con le compagnie telefoniche? Niente paura, c\u2019\u00e8 ConciliaWeb, che a breve diventer\u00e0 telematico.<\/p>\n<p>A partire dal 23 luglio, infatti, le richieste di conciliazione dovranno essere presentate esclusivamente tramite la nuova piattaforma telematica di gestione delle procedure, andando alla pagina internet http:\/\/conciliaweb.agcom.it. Non ci potr\u00e0 pi\u00f9 proporre istanza di persone e neanche tramite email, PEC, fax, posta raccomandata oppure consegnarle a mano. Cos\u00ec prevede il nuovo regolamento deciso dalla Regione Piemonte sulle \u201cprocedure di risoluzione delle controversie tra utenti e operatori di comunicazioni elettroniche\u201d. Prima di quella data le richieste da parte dei cittadini-utenti andranno effettuate secondo la vecchia procedura.<\/p>\n<p>\u201cIl servizio di conciliazione telefonica del Corecom in questi anni ha ottenuto risultati lusinghieri, e ora si realizza un salto di qualit\u00e0 &#8211; ha spiegato il presidente del Consiglio regionale Nino Boeti durante la presentazione dell\u2019iniziativa, gioved\u00ec 19 luglio a Palazzo Lascaris &#8211; Grazie alla nuova piattaforma il Consiglio regionale si conferma sempre pi\u00f9 attento alla tutela dei diritti dei cittadini\u201d.<\/p>\n","protected":false},"excerpt":{"rendered":"","protected":false},"author":4,"featured_media":8320,"comment_status":"open","ping_status":"closed","sticky":false,"template":"","format":"standard","meta":[],"categories":[117],"tags":[],"news-destination":[],"news-source":[],"is_homepage":[],"ta_other":[],"_links":{"self":[{"href":"https:\/\/www.ilmercoledi.news\/ilmercoledi\/news\/wp-json\/wp\/v2\/posts\/8319"}],"collection":[{"href":"https:\/\/www.ilmercoledi.news\/ilmercoledi\/news\/wp-json\/wp\/v2\/posts"}],"about":[{"href":"https:\/\/www.ilmercoledi.news\/ilmercoledi\/news\/wp-json\/wp\/v2\/types\/post"}],"author":[{"embeddable":true,"href":"https:\/\/www.ilmercoledi.news\/ilmercoledi\/news\/wp-json\/wp\/v2\/users\/4"}],"replies":[{"embeddable":true,"href":"https:\/\/www.ilmercoledi.news\/ilmercoledi\/news\/wp-json\/wp\/v2\/comments?post=8319"}],"version-history":[{"count":1,"href":"https:\/\/www.ilmercoledi.news\/ilmercoledi\/news\/wp-json\/wp\/v2\/posts\/8319\/revisions"}],"predecessor-version":[{"id":8321,"href":"https:\/\/www.ilmercoledi.news\/ilmercoledi\/news\/wp-json\/wp\/v2\/posts\/8319\/revisions\/8321"}],"wp:featuredmedia":[{"embeddable":true,"href":"https:\/\/www.ilmercoledi.news\/ilmercoledi\/news\/wp-json\/wp\/v2\/media\/8320"}],"wp:attachment":[{"href":"https:\/\/www.ilmercoledi.news\/ilmercoledi\/news\/wp-json\/wp\/v2\/media?parent=8319"}],"wp:term":[{"taxonomy":"category","embeddable":true,"href":"https:\/\/www.ilmercoledi.news\/ilmercoledi\/news\/wp-json\/wp\/v2\/categories?post=8319"},{"taxonomy":"post_tag","embeddable":true,"href":"https:\/\/www.ilmercoledi.news\/ilmercoledi\/news\/wp-json\/wp\/v2\/tags?post=8319"},{"taxonomy":"news-destination","embeddable":true,"href":"https:\/\/www.ilmercoledi.news\/ilmercoledi\/news\/wp-json\/wp\/v2\/news-destination?post=8319"},{"taxonomy":"news-source","embeddable":true,"href":"https:\/\/www.ilmercoledi.news\/ilmercoledi\/news\/wp-json\/wp\/v2\/news-source?post=8319"},{"taxonomy":"is_homepage","embeddable":true,"href":"https:\/\/www.ilmercoledi.news\/ilmercoledi\/news\/wp-json\/wp\/v2\/is_homepage?post=8319"},{"taxonomy":"ta_other","embeddable":true,"href":"https:\/\/www.ilmercoledi.news\/ilmercoledi\/news\/wp-json\/wp\/v2\/ta_other?post=8319"}],"curies":[{"name":"wp","href":"https:\/\/api.w.org\/{rel}","templated":true}]}}