{"id":8357,"date":"2018-07-20T11:57:54","date_gmt":"2018-07-20T09:57:54","guid":{"rendered":"http:\/\/euwps02.tecnavia.com\/ilmercoledi\/news\/?p=8357"},"modified":"2018-07-20T11:57:56","modified_gmt":"2018-07-20T09:57:56","slug":"occhi-al-cielo-la-piu-lunga-eclissi-lunare","status":"publish","type":"post","link":"https:\/\/www.ilmercoledi.news\/2018\/07\/20\/occhi-al-cielo-la-piu-lunga-eclissi-lunare\/","title":{"rendered":"Occhi al cielo per la pi\u00f9 lunga eclissi lunare"},"content":{"rendered":"<p>Non sar\u00e0 un giorno come tutti gli altri il prossimo 27 luglio, a renderlo cos\u00ec speciale saranno i due spettacoli astronomici pi\u00f9 attesi dell\u2019anno: l\u2019eclissi lunare pi\u00f9 lunga del secolo e l\u2019elevazione di Marte che si avvicina nettamente alla Terra.<\/p>\n<p>Ci saranno varie fasi durante questa eclissi, l\u2019entrata nell\u2019ombra dovrebbe avvenire per le 20.24, quando al tramontare del sole, la luna piena sorger\u00e0 e verr\u00e0 poco alla volta invasa dall\u2019ombra della terra che la render\u00e0 in questo modo rossa. L\u2019inizio della totalit\u00e0 \u00e8 previsto per le 21.30 con il massimo dell\u2019oscuramento della Luna che avverr\u00e0 intorno alle 22.22 e che continuer\u00e0 successivamente fino alle 23.13, quando poi inizier\u00e0 la sua graduale uscita dal cono d\u2019ombra. L\u2019uscita dall\u2019ombra si noter\u00e0 dopo mezzanotte e andr\u00e0 a completarsi verso l\u20191.30.<\/p>\n<p>L\u2019eclissi sar\u00e0 visibile ad occhio nudo in quasi tutto il pianeta, solamente gli Stati Uniti saranno esentati, ma per poter apprezzare meglio ogni passaggio e godersi completamente lo spettacolo che la natura ci andr\u00e0 a proporre, \u00e8 consigliato scegliere un luogo il pi\u00f9 possibile privo di illuminazione e con maggiore altitudine. Per esempio, se vi trovaste nelle vicinanze di Torino, alcune delle destinazioni pi\u00f9 favorevoli saranno sicuramente la Basilica di Superga o il Monte dei Cappuccini, mentre altre opzioni potrebbero essere il Parco Europa a Cavoretto o il Colle della Maddalena vicino Revigliasco.<\/p>\n<p>Indubbiamente, in qualunque posto voi siate, non potete perdervi per nessun motivo questo appuntamento cos\u00ec importante, anche perch\u00e9 la prossima volta che riaccadr\u00e0 sar\u00e0 nel 2100. Per cui tutti con gli occhi al cielo ad osservare questo spettacolo naturale.<\/p>\n","protected":false},"excerpt":{"rendered":"","protected":false},"author":7,"featured_media":8359,"comment_status":"open","ping_status":"closed","sticky":false,"template":"","format":"standard","meta":[],"categories":[8],"tags":[],"news-destination":[],"news-source":[],"is_homepage":[],"ta_other":[],"_links":{"self":[{"href":"https:\/\/www.ilmercoledi.news\/ilmercoledi\/news\/wp-json\/wp\/v2\/posts\/8357"}],"collection":[{"href":"https:\/\/www.ilmercoledi.news\/ilmercoledi\/news\/wp-json\/wp\/v2\/posts"}],"about":[{"href":"https:\/\/www.ilmercoledi.news\/ilmercoledi\/news\/wp-json\/wp\/v2\/types\/post"}],"author":[{"embeddable":true,"href":"https:\/\/www.ilmercoledi.news\/ilmercoledi\/news\/wp-json\/wp\/v2\/users\/7"}],"replies":[{"embeddable":true,"href":"https:\/\/www.ilmercoledi.news\/ilmercoledi\/news\/wp-json\/wp\/v2\/comments?post=8357"}],"version-history":[{"count":1,"href":"https:\/\/www.ilmercoledi.news\/ilmercoledi\/news\/wp-json\/wp\/v2\/posts\/8357\/revisions"}],"predecessor-version":[{"id":8364,"href":"https:\/\/www.ilmercoledi.news\/ilmercoledi\/news\/wp-json\/wp\/v2\/posts\/8357\/revisions\/8364"}],"wp:featuredmedia":[{"embeddable":true,"href":"https:\/\/www.ilmercoledi.news\/ilmercoledi\/news\/wp-json\/wp\/v2\/media\/8359"}],"wp:attachment":[{"href":"https:\/\/www.ilmercoledi.news\/ilmercoledi\/news\/wp-json\/wp\/v2\/media?parent=8357"}],"wp:term":[{"taxonomy":"category","embeddable":true,"href":"https:\/\/www.ilmercoledi.news\/ilmercoledi\/news\/wp-json\/wp\/v2\/categories?post=8357"},{"taxonomy":"post_tag","embeddable":true,"href":"https:\/\/www.ilmercoledi.news\/ilmercoledi\/news\/wp-json\/wp\/v2\/tags?post=8357"},{"taxonomy":"news-destination","embeddable":true,"href":"https:\/\/www.ilmercoledi.news\/ilmercoledi\/news\/wp-json\/wp\/v2\/news-destination?post=8357"},{"taxonomy":"news-source","embeddable":true,"href":"https:\/\/www.ilmercoledi.news\/ilmercoledi\/news\/wp-json\/wp\/v2\/news-source?post=8357"},{"taxonomy":"is_homepage","embeddable":true,"href":"https:\/\/www.ilmercoledi.news\/ilmercoledi\/news\/wp-json\/wp\/v2\/is_homepage?post=8357"},{"taxonomy":"ta_other","embeddable":true,"href":"https:\/\/www.ilmercoledi.news\/ilmercoledi\/news\/wp-json\/wp\/v2\/ta_other?post=8357"}],"curies":[{"name":"wp","href":"https:\/\/api.w.org\/{rel}","templated":true}]}}