{"id":8451,"date":"2018-07-24T11:43:30","date_gmt":"2018-07-24T09:43:30","guid":{"rendered":"http:\/\/euwps02.tecnavia.com\/ilmercoledi\/news\/?p=8451"},"modified":"2018-07-24T11:43:32","modified_gmt":"2018-07-24T09:43:32","slug":"museo-del-cinema-1-euro-disabili","status":"publish","type":"post","link":"https:\/\/www.ilmercoledi.news\/2018\/07\/24\/museo-del-cinema-1-euro-disabili\/","title":{"rendered":"Museo del Cinema a 1 euro per i disabili"},"content":{"rendered":"<p>TORINO &#8211; Per tre mercoled\u00ec di fila: 1 agosto, 5 settembre e 3 ottobre l&#8217;ingresso al Museo del Cinema di Torino per le persone diversamente abili, coster\u00e0 solamente 1 euro. L\u2019iniziativa prevede quindi, ogni primo mercoled\u00ec dei mesi di agosto, settembre e ottobre, l\u2019accesso all\u2019esposizione attraverso il pagamento di una cifra simbolica.\u00a0Si tratta di un ulteriore importante passo verso l\u2019eliminazione delle barriere anche sociali che possono impedire la partecipazione della vita culturale.\u00a0Il primo mercoled\u00ec del mese, la Mole Antonelliana si pone dunque come una sorta di \u00abcasa della citt\u00e0\u00bb, invitando tutti i componenti del tessuto sociale a visitare il Museo Nazionale del Cinema, che del patrimonio culturale di Torino e del Piemonte \u00e8 parte integrante. Le categorie di persone in situazione di svantaggio &#8211; oltre a quelle per cui \u00e8 gi\u00e0 prevista la tariffa agevolata &#8211; potranno avvalersi delle agevolazioni previste dal progetto, presentando collettivamente una richiesta d\u2019ingresso attraverso un soggetto giuridico impegnato nel sociale (associazioni benefiche, onlus,\u00a0parrocchie, gruppi religiosi, ecc.).\u00a0 La richiesta dovr\u00e0 essere inviata a prenotazioni@museocinema.it per concordare con l\u2019Ufficio Prenotazioni del giorno e orario dell\u2019ingresso, secondo le disponibilit\u00e0.<\/p>\n","protected":false},"excerpt":{"rendered":"","protected":false},"author":10,"featured_media":8452,"comment_status":"open","ping_status":"closed","sticky":false,"template":"","format":"standard","meta":[],"categories":[34],"tags":[],"news-destination":[],"news-source":[],"is_homepage":[],"ta_other":[],"_links":{"self":[{"href":"https:\/\/www.ilmercoledi.news\/ilmercoledi\/news\/wp-json\/wp\/v2\/posts\/8451"}],"collection":[{"href":"https:\/\/www.ilmercoledi.news\/ilmercoledi\/news\/wp-json\/wp\/v2\/posts"}],"about":[{"href":"https:\/\/www.ilmercoledi.news\/ilmercoledi\/news\/wp-json\/wp\/v2\/types\/post"}],"author":[{"embeddable":true,"href":"https:\/\/www.ilmercoledi.news\/ilmercoledi\/news\/wp-json\/wp\/v2\/users\/10"}],"replies":[{"embeddable":true,"href":"https:\/\/www.ilmercoledi.news\/ilmercoledi\/news\/wp-json\/wp\/v2\/comments?post=8451"}],"version-history":[{"count":1,"href":"https:\/\/www.ilmercoledi.news\/ilmercoledi\/news\/wp-json\/wp\/v2\/posts\/8451\/revisions"}],"predecessor-version":[{"id":8453,"href":"https:\/\/www.ilmercoledi.news\/ilmercoledi\/news\/wp-json\/wp\/v2\/posts\/8451\/revisions\/8453"}],"wp:featuredmedia":[{"embeddable":true,"href":"https:\/\/www.ilmercoledi.news\/ilmercoledi\/news\/wp-json\/wp\/v2\/media\/8452"}],"wp:attachment":[{"href":"https:\/\/www.ilmercoledi.news\/ilmercoledi\/news\/wp-json\/wp\/v2\/media?parent=8451"}],"wp:term":[{"taxonomy":"category","embeddable":true,"href":"https:\/\/www.ilmercoledi.news\/ilmercoledi\/news\/wp-json\/wp\/v2\/categories?post=8451"},{"taxonomy":"post_tag","embeddable":true,"href":"https:\/\/www.ilmercoledi.news\/ilmercoledi\/news\/wp-json\/wp\/v2\/tags?post=8451"},{"taxonomy":"news-destination","embeddable":true,"href":"https:\/\/www.ilmercoledi.news\/ilmercoledi\/news\/wp-json\/wp\/v2\/news-destination?post=8451"},{"taxonomy":"news-source","embeddable":true,"href":"https:\/\/www.ilmercoledi.news\/ilmercoledi\/news\/wp-json\/wp\/v2\/news-source?post=8451"},{"taxonomy":"is_homepage","embeddable":true,"href":"https:\/\/www.ilmercoledi.news\/ilmercoledi\/news\/wp-json\/wp\/v2\/is_homepage?post=8451"},{"taxonomy":"ta_other","embeddable":true,"href":"https:\/\/www.ilmercoledi.news\/ilmercoledi\/news\/wp-json\/wp\/v2\/ta_other?post=8451"}],"curies":[{"name":"wp","href":"https:\/\/api.w.org\/{rel}","templated":true}]}}