{"id":9084,"date":"2018-08-08T14:26:35","date_gmt":"2018-08-08T12:26:35","guid":{"rendered":"http:\/\/euwps02.tecnavia.com\/ilmercoledi\/news\/?p=9084"},"modified":"2018-08-08T14:26:37","modified_gmt":"2018-08-08T12:26:37","slug":"trasporti-lavori-sulla-torino-modane-cancellati-collegamenti-parigi","status":"publish","type":"post","link":"https:\/\/www.ilmercoledi.news\/2018\/08\/08\/trasporti-lavori-sulla-torino-modane-cancellati-collegamenti-parigi\/","title":{"rendered":"TRASPORTI &#8211; Lavori sulla Torino-Modane, cancellati i collegamenti per Parigi"},"content":{"rendered":"<p>Importanti interventi di potenziamento infrastrutturale sono in programma\u00a0da domenica 12 a marted\u00ec 14 agosto\u00a0sulla linea Torino \u2013 Modane, tra le stazioni di Avigliana e Modane. Nello specifico sar\u00e0 sostituita e varata la nuova travata metallica sulla Dora Cesana, in localit\u00e0 Oulx (TO), e impermeabilizzato il ponte in localit\u00e0 di Sant\u2019Antonino (TO).<\/p>\n<p>&nbsp;<\/p>\n<p>Per consentire le attivit\u00e0 di cantiere\u00a0i treni regionali di Trenitalia delle relazioni\u00a0Torino-Susa e Torino-Bardonecchia\/Modane faranno capolinea nella stazione di Avigliana. Da qui i viaggiatori potranno utilizzare i servizi sostitutivi con bus. Anche il servizio dei giorni festivi fino a Modane sar\u00e0 effettuato con bus sostitutivi. Ad Avigliana i bus sosteranno nel parcheggio, riservato per l\u2019occasione, su corso Torino, nelle vicinanze della stazione ferroviaria. Personale dedicato assister\u00e0 i viaggiatori per i trasbordi treno\/bus.<\/p>\n<p>Gli orari dei bus sostitutivi sono consultabili sui quadri murali esposti nelle stazioni interessate, sull\u2019Orario Ufficiale \u201cIn treno\u201d e sul sito\u00a0www.trenitalia.com.<\/p>\n<p>Saranno cancellati i collegamenti internazionali Torino-Modane-Parigi. Le attivit\u00e0 di cantiere proseguiranno nei mesi successivi, senza interferire con la circolazione\u00a0ferroviaria, per la sistemazione e realizzazione di difese spondali dell\u2019alveo della Dora Cesana e l\u2019adeguamento sismico del ponte di Sant\u2019Antonino. L&#8217;investimento economico complessivo \u00e8 di circa 7 milioni di euro.<\/p>\n","protected":false},"excerpt":{"rendered":"","protected":false},"author":11,"featured_media":8820,"comment_status":"open","ping_status":"closed","sticky":false,"template":"","format":"standard","meta":[],"categories":[34],"tags":[],"news-destination":[],"news-source":[],"is_homepage":[],"ta_other":[],"_links":{"self":[{"href":"https:\/\/www.ilmercoledi.news\/ilmercoledi\/news\/wp-json\/wp\/v2\/posts\/9084"}],"collection":[{"href":"https:\/\/www.ilmercoledi.news\/ilmercoledi\/news\/wp-json\/wp\/v2\/posts"}],"about":[{"href":"https:\/\/www.ilmercoledi.news\/ilmercoledi\/news\/wp-json\/wp\/v2\/types\/post"}],"author":[{"embeddable":true,"href":"https:\/\/www.ilmercoledi.news\/ilmercoledi\/news\/wp-json\/wp\/v2\/users\/11"}],"replies":[{"embeddable":true,"href":"https:\/\/www.ilmercoledi.news\/ilmercoledi\/news\/wp-json\/wp\/v2\/comments?post=9084"}],"version-history":[{"count":1,"href":"https:\/\/www.ilmercoledi.news\/ilmercoledi\/news\/wp-json\/wp\/v2\/posts\/9084\/revisions"}],"predecessor-version":[{"id":9085,"href":"https:\/\/www.ilmercoledi.news\/ilmercoledi\/news\/wp-json\/wp\/v2\/posts\/9084\/revisions\/9085"}],"wp:featuredmedia":[{"embeddable":true,"href":"https:\/\/www.ilmercoledi.news\/ilmercoledi\/news\/wp-json\/wp\/v2\/media\/8820"}],"wp:attachment":[{"href":"https:\/\/www.ilmercoledi.news\/ilmercoledi\/news\/wp-json\/wp\/v2\/media?parent=9084"}],"wp:term":[{"taxonomy":"category","embeddable":true,"href":"https:\/\/www.ilmercoledi.news\/ilmercoledi\/news\/wp-json\/wp\/v2\/categories?post=9084"},{"taxonomy":"post_tag","embeddable":true,"href":"https:\/\/www.ilmercoledi.news\/ilmercoledi\/news\/wp-json\/wp\/v2\/tags?post=9084"},{"taxonomy":"news-destination","embeddable":true,"href":"https:\/\/www.ilmercoledi.news\/ilmercoledi\/news\/wp-json\/wp\/v2\/news-destination?post=9084"},{"taxonomy":"news-source","embeddable":true,"href":"https:\/\/www.ilmercoledi.news\/ilmercoledi\/news\/wp-json\/wp\/v2\/news-source?post=9084"},{"taxonomy":"is_homepage","embeddable":true,"href":"https:\/\/www.ilmercoledi.news\/ilmercoledi\/news\/wp-json\/wp\/v2\/is_homepage?post=9084"},{"taxonomy":"ta_other","embeddable":true,"href":"https:\/\/www.ilmercoledi.news\/ilmercoledi\/news\/wp-json\/wp\/v2\/ta_other?post=9084"}],"curies":[{"name":"wp","href":"https:\/\/api.w.org\/{rel}","templated":true}]}}