{"id":916,"date":"2018-01-05T18:00:27","date_gmt":"2018-01-05T17:00:27","guid":{"rendered":"http:\/\/euwps02.tecnavia.com\/ilmercoledi\/news\/?p=916"},"modified":"2018-02-08T07:58:37","modified_gmt":"2018-02-08T06:58:37","slug":"guerra-allabbandono-dei-rifiuti-arrivano-le-guardie-ambientali-zoofile","status":"publish","type":"post","link":"https:\/\/www.ilmercoledi.news\/2018\/01\/05\/guerra-allabbandono-dei-rifiuti-arrivano-le-guardie-ambientali-zoofile\/","title":{"rendered":"Guerra all\u2019abbandono dei rifiuti &#8211; Arrivano le guardie ambientali e zoofile"},"content":{"rendered":"<p>TROFARELLO &#8211; Basta con gli atti vandalici e la spazzatura \u201con the road\u201d.<\/p>\n<p>Arrivano a Trofarello le guardie ambientali e zoofile. \u201cMa non saranno sceriffi &#8211; specificano subito il sindaco Gian Franco Visca e la sua squadra &#8211; il loro compito sar\u00e0 garantire la presenza sul territorio e riportare l\u2019educazione al rispetto per l\u2019ambiente\u201d.<\/p>\n<p>Da un po\u2019 di tempo la citt\u00e0 dell\u2019amarena soffriva di troppi abbandoni di rifiuti, deiezioni canine e altri scempi del genere. Ora l\u2019amministrazione ha voluto porre rimedio con una collaborazione speciale: dalla prossima settimana le guardie in divisa verde, corpo volontario autonomo coordinato dalla Citt\u00e0 metropolitana, monitoreranno i parchi e i luoghi sensibili del territorio per assicurarsi che non ci siano problemi. In caso contrario, dovranno prendere provvedimenti. Ma non faranno \u201ci gendarmi\u201d. \u201cLo scopo non \u00e8 fare cassa o punire, ma far rispettare l\u2019ambiente\u201d ribadisce il sindaco, che ha presentato l\u2019iniziativa oggi pomeriggio insieme agli assessori Carmelo Bruno (Ambiente) e Ronello Bozzo (Associazioni, Arredo urbano) e ai consiglieri Giorgio Miletto (capogruppo Per Trofarello) Valeria Cauda con Luigi Cagnin (Lega) e Stefano Napoletano (che ha seguito il progetto). L\u2019accordo, presentato oggi pomeriggio in Comune, durer\u00e0 in via sperimentale un anno. Se funzioner\u00e0, verr\u00e0 istituzionalizzata.<\/p>\n","protected":false},"excerpt":{"rendered":"","protected":false},"author":5,"featured_media":917,"comment_status":"open","ping_status":"closed","sticky":false,"template":"","format":"standard","meta":[],"categories":[34],"tags":[51,54,53,49,50,56,55,52],"news-destination":[],"news-source":[],"is_homepage":[],"ta_other":[],"_links":{"self":[{"href":"https:\/\/www.ilmercoledi.news\/ilmercoledi\/news\/wp-json\/wp\/v2\/posts\/916"}],"collection":[{"href":"https:\/\/www.ilmercoledi.news\/ilmercoledi\/news\/wp-json\/wp\/v2\/posts"}],"about":[{"href":"https:\/\/www.ilmercoledi.news\/ilmercoledi\/news\/wp-json\/wp\/v2\/types\/post"}],"author":[{"embeddable":true,"href":"https:\/\/www.ilmercoledi.news\/ilmercoledi\/news\/wp-json\/wp\/v2\/users\/5"}],"replies":[{"embeddable":true,"href":"https:\/\/www.ilmercoledi.news\/ilmercoledi\/news\/wp-json\/wp\/v2\/comments?post=916"}],"version-history":[{"count":2,"href":"https:\/\/www.ilmercoledi.news\/ilmercoledi\/news\/wp-json\/wp\/v2\/posts\/916\/revisions"}],"predecessor-version":[{"id":919,"href":"https:\/\/www.ilmercoledi.news\/ilmercoledi\/news\/wp-json\/wp\/v2\/posts\/916\/revisions\/919"}],"wp:featuredmedia":[{"embeddable":true,"href":"https:\/\/www.ilmercoledi.news\/ilmercoledi\/news\/wp-json\/wp\/v2\/media\/917"}],"wp:attachment":[{"href":"https:\/\/www.ilmercoledi.news\/ilmercoledi\/news\/wp-json\/wp\/v2\/media?parent=916"}],"wp:term":[{"taxonomy":"category","embeddable":true,"href":"https:\/\/www.ilmercoledi.news\/ilmercoledi\/news\/wp-json\/wp\/v2\/categories?post=916"},{"taxonomy":"post_tag","embeddable":true,"href":"https:\/\/www.ilmercoledi.news\/ilmercoledi\/news\/wp-json\/wp\/v2\/tags?post=916"},{"taxonomy":"news-destination","embeddable":true,"href":"https:\/\/www.ilmercoledi.news\/ilmercoledi\/news\/wp-json\/wp\/v2\/news-destination?post=916"},{"taxonomy":"news-source","embeddable":true,"href":"https:\/\/www.ilmercoledi.news\/ilmercoledi\/news\/wp-json\/wp\/v2\/news-source?post=916"},{"taxonomy":"is_homepage","embeddable":true,"href":"https:\/\/www.ilmercoledi.news\/ilmercoledi\/news\/wp-json\/wp\/v2\/is_homepage?post=916"},{"taxonomy":"ta_other","embeddable":true,"href":"https:\/\/www.ilmercoledi.news\/ilmercoledi\/news\/wp-json\/wp\/v2\/ta_other?post=916"}],"curies":[{"name":"wp","href":"https:\/\/api.w.org\/{rel}","templated":true}]}}