{"id":9178,"date":"2018-08-10T16:41:33","date_gmt":"2018-08-10T14:41:33","guid":{"rendered":"http:\/\/euwps02.tecnavia.com\/ilmercoledi\/news\/?p=9178"},"modified":"2018-08-10T16:41:34","modified_gmt":"2018-08-10T14:41:34","slug":"carmagnola-programma-della-festa-salsasio-settembre","status":"publish","type":"post","link":"https:\/\/www.ilmercoledi.news\/2018\/08\/10\/carmagnola-programma-della-festa-salsasio-settembre\/","title":{"rendered":"CARMAGNOLA &#8211; Il programma della festa di Salsasio a settembre"},"content":{"rendered":"<p>Anche quest&#8217;anno Borgo Salsasio di Carmagnola inaugurer\u00e0 l&#8217;autunno con la festa patronale che si terr\u00e0 dal 21 al 24 settembre in largo Beppe Canalis di fronte al Centro d&#8217;incontro &#8220;Circolo La Concordia&#8221;.<\/p>\n<p>Ecco tutti gli eventi della festa con cui il borgo omaggia ogni anno la sua patrona, la Madonna della Mercede.<\/p>\n<p>La festa avr\u00e0 inizio venerd\u00ec 21 settembre con l&#8217;apericena con dj set e la sfilata di moda, proseguir\u00e0 poi sabato 22 con dalle 19,30 l&#8217;inizio della cena con grigliata di carne, primi e molto altro che sar\u00e0 ripetuta anche la sera di domenica 23.<\/p>\n<p>Sul palco\u00a0 sar\u00e0 protagonista la musica con domenica 23 l&#8217;orchestra &#8220;Polidoro group&#8221; e luned\u00ec 24 la serata di ballo liscio.<\/p>\n<p>Luned\u00ec 24 la cena sar\u00e0 come ormai di tradizione, su prenotazione con specialit\u00e0 tagliatelle al tartufo.<\/p>\n<p>Protagonista della festa del &#8220;Borgh ed la Mad\u00f2na &#8211; Borgo della Madonna&#8221; sar\u00e0 lo sport. Infatti l&#8217;associazione &#8220;La Concordia&#8221; che gestisce l&#8217;omonimo circolo sito in largo Beppe Canalis, propone alcune gare e attivit\u00e0 che andranno ad aggiungersi al servizio bar.<\/p>\n<p>Sabato 22 settembre alle 21 inizier\u00e0 il torneo di ping pong per ragazzi e adulti che proseguir\u00e0 domenica 23 al pomeriggio dalle 15 e che si concluder\u00e0 la domenica sera con le premiazioni.<\/p>\n<p>Saranno protagoniste anche le carte con la gara a scala 40 e a march&#8217;e il re che si svolger\u00e0 venerd\u00ec 21 e sabato 22.<\/p>\n<p>Sono molte inoltre le gare a bocce previste dal programma: dalla poul a quadrette a 8 formazioni con inizio alle 8,30 di sabato 15 settembre, alle qualificazioni per i campionati interregionali a coppie CC &#8211; DD over 67 che si svolger\u00e0 marted\u00ec 18. Domenica 23 e luned\u00ec 24 invece al pomeriggio alle 14,30 si terr\u00e0 la gara a bocce\u00a0 a coppie sorteggiate a gironi, mentre gioved\u00ec 27 alle 14 sar\u00e0 il momento della gara a bocce per i pensionati con panini e bevande per tutti i partecipanti. Si concluder\u00e0 poi sabato 29 settembre con alle 14 la gara a bocce a coppie fisse CC &#8211; DD.<\/p>\n","protected":false},"excerpt":{"rendered":"","protected":false},"author":11,"featured_media":9179,"comment_status":"open","ping_status":"closed","sticky":false,"template":"","format":"standard","meta":[],"categories":[34],"tags":[],"news-destination":[],"news-source":[],"is_homepage":[],"ta_other":[],"_links":{"self":[{"href":"https:\/\/www.ilmercoledi.news\/ilmercoledi\/news\/wp-json\/wp\/v2\/posts\/9178"}],"collection":[{"href":"https:\/\/www.ilmercoledi.news\/ilmercoledi\/news\/wp-json\/wp\/v2\/posts"}],"about":[{"href":"https:\/\/www.ilmercoledi.news\/ilmercoledi\/news\/wp-json\/wp\/v2\/types\/post"}],"author":[{"embeddable":true,"href":"https:\/\/www.ilmercoledi.news\/ilmercoledi\/news\/wp-json\/wp\/v2\/users\/11"}],"replies":[{"embeddable":true,"href":"https:\/\/www.ilmercoledi.news\/ilmercoledi\/news\/wp-json\/wp\/v2\/comments?post=9178"}],"version-history":[{"count":1,"href":"https:\/\/www.ilmercoledi.news\/ilmercoledi\/news\/wp-json\/wp\/v2\/posts\/9178\/revisions"}],"predecessor-version":[{"id":9180,"href":"https:\/\/www.ilmercoledi.news\/ilmercoledi\/news\/wp-json\/wp\/v2\/posts\/9178\/revisions\/9180"}],"wp:featuredmedia":[{"embeddable":true,"href":"https:\/\/www.ilmercoledi.news\/ilmercoledi\/news\/wp-json\/wp\/v2\/media\/9179"}],"wp:attachment":[{"href":"https:\/\/www.ilmercoledi.news\/ilmercoledi\/news\/wp-json\/wp\/v2\/media?parent=9178"}],"wp:term":[{"taxonomy":"category","embeddable":true,"href":"https:\/\/www.ilmercoledi.news\/ilmercoledi\/news\/wp-json\/wp\/v2\/categories?post=9178"},{"taxonomy":"post_tag","embeddable":true,"href":"https:\/\/www.ilmercoledi.news\/ilmercoledi\/news\/wp-json\/wp\/v2\/tags?post=9178"},{"taxonomy":"news-destination","embeddable":true,"href":"https:\/\/www.ilmercoledi.news\/ilmercoledi\/news\/wp-json\/wp\/v2\/news-destination?post=9178"},{"taxonomy":"news-source","embeddable":true,"href":"https:\/\/www.ilmercoledi.news\/ilmercoledi\/news\/wp-json\/wp\/v2\/news-source?post=9178"},{"taxonomy":"is_homepage","embeddable":true,"href":"https:\/\/www.ilmercoledi.news\/ilmercoledi\/news\/wp-json\/wp\/v2\/is_homepage?post=9178"},{"taxonomy":"ta_other","embeddable":true,"href":"https:\/\/www.ilmercoledi.news\/ilmercoledi\/news\/wp-json\/wp\/v2\/ta_other?post=9178"}],"curies":[{"name":"wp","href":"https:\/\/api.w.org\/{rel}","templated":true}]}}