{"id":9600,"date":"2018-08-23T14:50:23","date_gmt":"2018-08-23T12:50:23","guid":{"rendered":"http:\/\/euwps02.tecnavia.com\/ilmercoledi\/news\/?p=9600"},"modified":"2018-08-23T15:07:52","modified_gmt":"2018-08-23T13:07:52","slug":"citta-metropolitana-segnalera-le-necessita-finanziarie-al-ministero-controllare-le-infrastrutture","status":"publish","type":"post","link":"https:\/\/www.ilmercoledi.news\/2018\/08\/23\/citta-metropolitana-segnalera-le-necessita-finanziarie-al-ministero-controllare-le-infrastrutture\/","title":{"rendered":"Citt\u00e0 metropolitana segnaler\u00e0 le necessit\u00e0 finanziarie al Ministero per controllare le infrastrutture"},"content":{"rendered":"<p>In risposta alla lettera del Ministero delle Infrastrutture e dei Trasporti che chiede a tutte le pubbliche amministrazioni di indicare entro il 30 agosto \u201cgli interventi necessari a rimuovere le condizioni di rischio\u201d delle infrastrutture di loro competenza, il consigliere metropolitano con delega ai lavori pubblici e alle infrastrutture Antonino Iaria fa sapere che la Citt\u00e0 metropolitana di Torino segnaler\u00e0 le necessit\u00e0 finanziarie di carattere manutentivo ordinario e straordinario per le opere di propria competenza.\u201cPur non facendo parte di questi interventi da effettuare urgentemente\u201d spiega Iaria, \u201dci pare tuttavia necessario segnalare un\u2019opera importante e che abbiamo programmato da tempo come l\u2019intervento di rettifica della sede stradale della provinciale 565 di Castellamonte con la realizzazione di un nuovo ponte che sostituir\u00e0 il viadotto detto Ponte Preti di Strambinello\u201d.\u201cQuesta richiesta non \u00e8 motivata dalla presenza di problemi strutturali immediati del viadotto, che al momento non sono stati rilevati e non sono visibili\u201d prosegue il consigliere, \u201cma dalla necessit\u00e0 di adeguare e migliorare quell\u2019infrastruttura, che rappresenta un punto critico per la viabilit\u00e0 poich\u00e9 causa un restringimento della Sp 565 che crea difficolt\u00e0 al regolare scorrimento del traffico\u201d.\u201cRicordo che il progetto per questa variante \u00e8 gi\u00e0 pronto\u201d aggiunge Iaria, \u201ce l\u2019abbiamo gi\u00e0 presentato al Ministero nell\u2019ambito della discussione sull\u2019ipotizzato ritorno all\u2019Anas di una serie di strade di interesse nazionale, tra cui appunto la Sp 565, con la richiesta di un finanziamento di 20 milioni di euro\u201d.<\/p>\n","protected":false},"excerpt":{"rendered":"","protected":false},"author":11,"featured_media":1218,"comment_status":"open","ping_status":"closed","sticky":false,"template":"","format":"standard","meta":[],"categories":[8],"tags":[],"news-destination":[],"news-source":[],"is_homepage":[],"ta_other":[],"_links":{"self":[{"href":"https:\/\/www.ilmercoledi.news\/ilmercoledi\/news\/wp-json\/wp\/v2\/posts\/9600"}],"collection":[{"href":"https:\/\/www.ilmercoledi.news\/ilmercoledi\/news\/wp-json\/wp\/v2\/posts"}],"about":[{"href":"https:\/\/www.ilmercoledi.news\/ilmercoledi\/news\/wp-json\/wp\/v2\/types\/post"}],"author":[{"embeddable":true,"href":"https:\/\/www.ilmercoledi.news\/ilmercoledi\/news\/wp-json\/wp\/v2\/users\/11"}],"replies":[{"embeddable":true,"href":"https:\/\/www.ilmercoledi.news\/ilmercoledi\/news\/wp-json\/wp\/v2\/comments?post=9600"}],"version-history":[{"count":1,"href":"https:\/\/www.ilmercoledi.news\/ilmercoledi\/news\/wp-json\/wp\/v2\/posts\/9600\/revisions"}],"predecessor-version":[{"id":9601,"href":"https:\/\/www.ilmercoledi.news\/ilmercoledi\/news\/wp-json\/wp\/v2\/posts\/9600\/revisions\/9601"}],"wp:featuredmedia":[{"embeddable":true,"href":"https:\/\/www.ilmercoledi.news\/ilmercoledi\/news\/wp-json\/wp\/v2\/media\/1218"}],"wp:attachment":[{"href":"https:\/\/www.ilmercoledi.news\/ilmercoledi\/news\/wp-json\/wp\/v2\/media?parent=9600"}],"wp:term":[{"taxonomy":"category","embeddable":true,"href":"https:\/\/www.ilmercoledi.news\/ilmercoledi\/news\/wp-json\/wp\/v2\/categories?post=9600"},{"taxonomy":"post_tag","embeddable":true,"href":"https:\/\/www.ilmercoledi.news\/ilmercoledi\/news\/wp-json\/wp\/v2\/tags?post=9600"},{"taxonomy":"news-destination","embeddable":true,"href":"https:\/\/www.ilmercoledi.news\/ilmercoledi\/news\/wp-json\/wp\/v2\/news-destination?post=9600"},{"taxonomy":"news-source","embeddable":true,"href":"https:\/\/www.ilmercoledi.news\/ilmercoledi\/news\/wp-json\/wp\/v2\/news-source?post=9600"},{"taxonomy":"is_homepage","embeddable":true,"href":"https:\/\/www.ilmercoledi.news\/ilmercoledi\/news\/wp-json\/wp\/v2\/is_homepage?post=9600"},{"taxonomy":"ta_other","embeddable":true,"href":"https:\/\/www.ilmercoledi.news\/ilmercoledi\/news\/wp-json\/wp\/v2\/ta_other?post=9600"}],"curies":[{"name":"wp","href":"https:\/\/api.w.org\/{rel}","templated":true}]}}