{"id":9708,"date":"2018-08-27T16:19:14","date_gmt":"2018-08-27T14:19:14","guid":{"rendered":"http:\/\/euwps02.tecnavia.com\/ilmercoledi\/news\/?p=9708"},"modified":"2018-08-27T16:19:16","modified_gmt":"2018-08-27T14:19:16","slug":"riapre-la-cappella-della-sindone","status":"publish","type":"post","link":"https:\/\/www.ilmercoledi.news\/2018\/08\/27\/riapre-la-cappella-della-sindone\/","title":{"rendered":"Riapre la Cappella della Sindone"},"content":{"rendered":"<p>Dopo un lungo e difficile restauro avviato all\u2019indomani del tragico incendio dell\u201911 aprile 1997, viene finalmente restituita al mondo la mirabile architettura barocca di Guarino Guarini, accessibile al pubblico nel percorso di visita dei Musei Reali.<\/p>\n<p>La cerimonia di apertura \u00e8 prevista\u00a0<strong>gioved\u00ec 27 settembre alle ore 9\u00a0<\/strong>presso il Teatro Regio di Torino alla presenza del Ministro per i beni e le attivit\u00e0 culturali Alberto Bonisoli.<\/p>\n<p>Il pubblico potr\u00e0 ammirare la Cappella della Sindone da venerd\u00ec 28 a domenica 30 settembre al prezzo speciale di 3 Euro. Da marted\u00ec 2 ottobre l\u2019accesso sar\u00e0 compreso nel biglietto dei Musei Reali.<\/p>\n<p>Il restauro \u00e8 stato finanziato dal Ministero per i beni e le attivit\u00e0 culturali con il sostegno di Compagnia di San Paolo, Fondazione La Stampa &#8211; Specchio dei Tempi, Consulta per la Valorizzazione dei Beni Artistici e Culturali di Torino, IREN e Performance in Lighting.<\/p>\n","protected":false},"excerpt":{"rendered":"","protected":false},"author":7,"featured_media":9709,"comment_status":"open","ping_status":"closed","sticky":false,"template":"","format":"standard","meta":[],"categories":[8],"tags":[],"news-destination":[],"news-source":[],"is_homepage":[],"ta_other":[],"_links":{"self":[{"href":"https:\/\/www.ilmercoledi.news\/ilmercoledi\/news\/wp-json\/wp\/v2\/posts\/9708"}],"collection":[{"href":"https:\/\/www.ilmercoledi.news\/ilmercoledi\/news\/wp-json\/wp\/v2\/posts"}],"about":[{"href":"https:\/\/www.ilmercoledi.news\/ilmercoledi\/news\/wp-json\/wp\/v2\/types\/post"}],"author":[{"embeddable":true,"href":"https:\/\/www.ilmercoledi.news\/ilmercoledi\/news\/wp-json\/wp\/v2\/users\/7"}],"replies":[{"embeddable":true,"href":"https:\/\/www.ilmercoledi.news\/ilmercoledi\/news\/wp-json\/wp\/v2\/comments?post=9708"}],"version-history":[{"count":1,"href":"https:\/\/www.ilmercoledi.news\/ilmercoledi\/news\/wp-json\/wp\/v2\/posts\/9708\/revisions"}],"predecessor-version":[{"id":9710,"href":"https:\/\/www.ilmercoledi.news\/ilmercoledi\/news\/wp-json\/wp\/v2\/posts\/9708\/revisions\/9710"}],"wp:featuredmedia":[{"embeddable":true,"href":"https:\/\/www.ilmercoledi.news\/ilmercoledi\/news\/wp-json\/wp\/v2\/media\/9709"}],"wp:attachment":[{"href":"https:\/\/www.ilmercoledi.news\/ilmercoledi\/news\/wp-json\/wp\/v2\/media?parent=9708"}],"wp:term":[{"taxonomy":"category","embeddable":true,"href":"https:\/\/www.ilmercoledi.news\/ilmercoledi\/news\/wp-json\/wp\/v2\/categories?post=9708"},{"taxonomy":"post_tag","embeddable":true,"href":"https:\/\/www.ilmercoledi.news\/ilmercoledi\/news\/wp-json\/wp\/v2\/tags?post=9708"},{"taxonomy":"news-destination","embeddable":true,"href":"https:\/\/www.ilmercoledi.news\/ilmercoledi\/news\/wp-json\/wp\/v2\/news-destination?post=9708"},{"taxonomy":"news-source","embeddable":true,"href":"https:\/\/www.ilmercoledi.news\/ilmercoledi\/news\/wp-json\/wp\/v2\/news-source?post=9708"},{"taxonomy":"is_homepage","embeddable":true,"href":"https:\/\/www.ilmercoledi.news\/ilmercoledi\/news\/wp-json\/wp\/v2\/is_homepage?post=9708"},{"taxonomy":"ta_other","embeddable":true,"href":"https:\/\/www.ilmercoledi.news\/ilmercoledi\/news\/wp-json\/wp\/v2\/ta_other?post=9708"}],"curies":[{"name":"wp","href":"https:\/\/api.w.org\/{rel}","templated":true}]}}