{"id":9829,"date":"2018-08-30T17:11:01","date_gmt":"2018-08-30T15:11:01","guid":{"rendered":"http:\/\/euwps02.tecnavia.com\/ilmercoledi\/news\/?p=9829"},"modified":"2018-09-01T14:57:53","modified_gmt":"2018-09-01T12:57:53","slug":"carmagnola-post-impressionisti-russi-mostra-palazzo-lomellini","status":"publish","type":"post","link":"https:\/\/www.ilmercoledi.news\/2018\/08\/30\/carmagnola-post-impressionisti-russi-mostra-palazzo-lomellini\/","title":{"rendered":"Carmagnola &#8211; Post impressionisti russi in mostra a Palazzo Lomellini"},"content":{"rendered":"<p>Dopo la pausa estiva, Palazzo Lomellini a Carmagnola si avvia alla nuova stagione espositiva con una mostra sui \u201cPost impressionisti russi\u201d promossa dall\u2019assessorato alla Cultura del Comune: l\u2019inaugurazione si terr\u00e0 venerd\u00ec 31 agosto alle 18 in piazza S. Agostino 17.<\/p>\n<p>Il progetto espositivo, a cura della Galleria d\u2019Arte Pirra di Torino, comprende un allestimento con oltre quaranta opere ad olio, \u201cprodotte da maestri vissuti in epoca sovietica (tutti nati tra gli anni venti e trenta del Novecento) &#8211; spiegano gli organizzatori &#8211; e tuttavia prive di temi politici, i quali hanno saputo mettere in relazione in modo interessante i rigorosi percorsi formativi della committenza pubblica sovietica, con l\u2019impulso a dipingere en plein air della lezione francese\u201d.<\/p>\n<p>La partecipazione \u00e8 aperta a tutti. La mostra rester\u00e0 visitabile fino al 14 ottobre, con i seguenti orari. Dal 31 agosto al 9 settembre: dal luned\u00ec al venerd\u00ec 20,30 &#8211; 23; sabato 15,30 &#8211; 18,30 e 20,30 &#8211; 23; domenica 10,30 &#8211; 12,30, 15,30 &#8211; 18,30 e 20,30 &#8211; 23. Dal 10 settembre al 14 ottobre: gioved\u00ec, venerd\u00ec e sabato 15,30 &#8211; 18,30; domenica 10,30 &#8211; 12,30; 15,30 &#8211; 18,30.<\/p>\n<p>L\u2019ingresso alla mostra \u00e8 gratuito.<\/p>\n","protected":false},"excerpt":{"rendered":"","protected":false},"author":4,"featured_media":9854,"comment_status":"open","ping_status":"closed","sticky":false,"template":"","format":"standard","meta":[],"categories":[9],"tags":[],"news-destination":[],"news-source":[],"is_homepage":[],"ta_other":[],"_links":{"self":[{"href":"https:\/\/www.ilmercoledi.news\/ilmercoledi\/news\/wp-json\/wp\/v2\/posts\/9829"}],"collection":[{"href":"https:\/\/www.ilmercoledi.news\/ilmercoledi\/news\/wp-json\/wp\/v2\/posts"}],"about":[{"href":"https:\/\/www.ilmercoledi.news\/ilmercoledi\/news\/wp-json\/wp\/v2\/types\/post"}],"author":[{"embeddable":true,"href":"https:\/\/www.ilmercoledi.news\/ilmercoledi\/news\/wp-json\/wp\/v2\/users\/4"}],"replies":[{"embeddable":true,"href":"https:\/\/www.ilmercoledi.news\/ilmercoledi\/news\/wp-json\/wp\/v2\/comments?post=9829"}],"version-history":[{"count":1,"href":"https:\/\/www.ilmercoledi.news\/ilmercoledi\/news\/wp-json\/wp\/v2\/posts\/9829\/revisions"}],"predecessor-version":[{"id":9855,"href":"https:\/\/www.ilmercoledi.news\/ilmercoledi\/news\/wp-json\/wp\/v2\/posts\/9829\/revisions\/9855"}],"wp:featuredmedia":[{"embeddable":true,"href":"https:\/\/www.ilmercoledi.news\/ilmercoledi\/news\/wp-json\/wp\/v2\/media\/9854"}],"wp:attachment":[{"href":"https:\/\/www.ilmercoledi.news\/ilmercoledi\/news\/wp-json\/wp\/v2\/media?parent=9829"}],"wp:term":[{"taxonomy":"category","embeddable":true,"href":"https:\/\/www.ilmercoledi.news\/ilmercoledi\/news\/wp-json\/wp\/v2\/categories?post=9829"},{"taxonomy":"post_tag","embeddable":true,"href":"https:\/\/www.ilmercoledi.news\/ilmercoledi\/news\/wp-json\/wp\/v2\/tags?post=9829"},{"taxonomy":"news-destination","embeddable":true,"href":"https:\/\/www.ilmercoledi.news\/ilmercoledi\/news\/wp-json\/wp\/v2\/news-destination?post=9829"},{"taxonomy":"news-source","embeddable":true,"href":"https:\/\/www.ilmercoledi.news\/ilmercoledi\/news\/wp-json\/wp\/v2\/news-source?post=9829"},{"taxonomy":"is_homepage","embeddable":true,"href":"https:\/\/www.ilmercoledi.news\/ilmercoledi\/news\/wp-json\/wp\/v2\/is_homepage?post=9829"},{"taxonomy":"ta_other","embeddable":true,"href":"https:\/\/www.ilmercoledi.news\/ilmercoledi\/news\/wp-json\/wp\/v2\/ta_other?post=9829"}],"curies":[{"name":"wp","href":"https:\/\/api.w.org\/{rel}","templated":true}]}}